{"id":23118,"date":"2017-11-04T20:39:44","date_gmt":"2017-11-05T01:39:44","guid":{"rendered":"http:\/\/www.revistazetta.com\/?p=23118"},"modified":"2017-11-04T20:39:44","modified_gmt":"2017-11-05T01:39:44","slug":"la-revitalizacion-esta-floreciendo-55-colegios-festival-jorge-garcia-usta","status":"publish","type":"post","link":"https:\/\/revistazetta.com\/?p=23118","title":{"rendered":"La revitalizaci\u00f3n est\u00e1 floreciendo: 55 colegios en el Festival Jorge Garc\u00eda Usta"},"content":{"rendered":"<p>El Instituto de Patrimonio y Cultura de Cartagena (IPCC), en alianza con la Secretar\u00eda de Educaci\u00f3n, la Red Cultural de Educadores del Distrito, IDER y SUDEB; realiz\u00f3 en el Coliseo Norton Madrid, el d\u00e9cimo segundo Festival Escolar de M\u00fasica y Danza, en\u00a0 homenaje a Jorge Garc\u00eda Usta, uno de los gestores culturales m\u00e1s importantes en el proceso de revitalizaci\u00f3n de las Fiestas de Independencia e impulsador de los valores culturales e hist\u00f3ricos desde el seno de la comunidad estudiantil.<\/p>\n<p>Este festival se realiza desde el a\u00f1o 2006, consecuencia de la muerte del gran Jorge Garc\u00eda Usta en diciembre de 2005; con la intenci\u00f3n de rendirle un sentido homenaje, preservarlo en la memoria colectiva de la ciudad y por supuesto transmitirle a las nuevas generaciones la importancia de tener sentido de pertenencia por el legado cultural y el significado de las Fiestas de Independencia.<\/p>\n<p>En est\u00e1 versi\u00f3n del festival, participaron 55 instituciones educativas oficiales del distrito, con sus estampas folcl\u00f3ricas de cumbia, merecumb\u00e9, fandango, puya, champeta africana, popurr\u00ed, salsa, mapal\u00e9, bullerengue, son de gaitas, entre otros.<\/p>\n<p>Los jurados fueron: Germ\u00e1n \u00c1lvarez, Rey Momo 2017 del Carnaval de Barranquilla, la cubana Miriam Gonz\u00e1lez P\u00e9rez, core\u00f3grafa y docente de la Universidad de Cartagena.<\/p>\n<p>El Secretario de Educaci\u00f3n, Jaime Hern\u00e1ndez Am\u00edn, Maritza Z\u00fa\u00f1iga, Ariel Ramos; Lanceros de las Fiestas de Independencia 2017, y Belmir Caraballo, Gran Lancero y gestor cultural de la zona insular de Cartagena, tambi\u00e9n estuvieron presentes en el festival.<\/p>\n","protected":false},"excerpt":{"rendered":"<p>El Instituto de Patrimonio y Cultura de Cartagena (IPCC), en alianza con la Secretar\u00eda de Educaci\u00f3n, la Red Cultural de Educadores del Distrito, IDER y SUDEB; realiz\u00f3 en el Coliseo Norton Madrid, el d\u00e9cimo segundo Festival Escolar de M\u00fasica y Danza, en\u00a0 homenaje a Jorge Garc\u00eda Usta, uno de los gestores culturales m\u00e1s importantes en el proceso de revitalizaci\u00f3n de las Fiestas de Independencia e impulsador de los valores culturales e hist\u00f3ricos desde el seno de la comunidad estudiantil. Este festival se realiza desde el a\u00f1o 2006, consecuencia de la&#8230; <\/p>\n","protected":false},"author":3,"featured_media":23119,"comment_status":"open","ping_status":"closed","sticky":false,"template":"","format":"standard","meta":{"footnotes":"","_links_to":"","_links_to_target":""},"categories":[41],"tags":[],"class_list":["post-23118","post","type-post","status-publish","format-standard","has-post-thumbnail","hentry","category-cultura"],"_links":{"self":[{"href":"https:\/\/revistazetta.com\/index.php?rest_route=\/wp\/v2\/posts\/23118","targetHints":{"allow":["GET"]}}],"collection":[{"href":"https:\/\/revistazetta.com\/index.php?rest_route=\/wp\/v2\/posts"}],"about":[{"href":"https:\/\/revistazetta.com\/index.php?rest_route=\/wp\/v2\/types\/post"}],"author":[{"embeddable":true,"href":"https:\/\/revistazetta.com\/index.php?rest_route=\/wp\/v2\/users\/3"}],"replies":[{"embeddable":true,"href":"https:\/\/revistazetta.com\/index.php?rest_route=%2Fwp%2Fv2%2Fcomments&post=23118"}],"version-history":[{"count":0,"href":"https:\/\/revistazetta.com\/index.php?rest_route=\/wp\/v2\/posts\/23118\/revisions"}],"wp:featuredmedia":[{"embeddable":true,"href":"https:\/\/revistazetta.com\/index.php?rest_route=\/wp\/v2\/media\/23119"}],"wp:attachment":[{"href":"https:\/\/revistazetta.com\/index.php?rest_route=%2Fwp%2Fv2%2Fmedia&parent=23118"}],"wp:term":[{"taxonomy":"category","embeddable":true,"href":"https:\/\/revistazetta.com\/index.php?rest_route=%2Fwp%2Fv2%2Fcategories&post=23118"},{"taxonomy":"post_tag","embeddable":true,"href":"https:\/\/revistazetta.com\/index.php?rest_route=%2Fwp%2Fv2%2Ftags&post=23118"}],"curies":[{"name":"wp","href":"https:\/\/api.w.org\/{rel}","templated":true}]}}