{"id":23120,"date":"2017-11-04T20:41:26","date_gmt":"2017-11-05T01:41:26","guid":{"rendered":"http:\/\/www.revistazetta.com\/?p=23120"},"modified":"2017-11-04T20:41:26","modified_gmt":"2017-11-05T01:41:26","slug":"tienda-festiva-excelente-excusa-apoyar-los-artesanos","status":"publish","type":"post","link":"https:\/\/revistazetta.com\/?p=23120","title":{"rendered":"Tienda Festiva, excelente excusa para apoyar a los artesanos"},"content":{"rendered":"<p>El Instituto de Patrimonio y Cultura de Cartagena (IPCC), con el \u00e1nimo de seguir empoderando la imagen las Fiestas de Independencia desde todo contexto, este a\u00f1o lanza el proyecto \u201cLa Tienda Festiva\u201d, en el que se vincula el Consejo de Artesanos de Cartagena.<\/p>\n<p>La Tienda Festiva se abrir\u00e1 a partir del s\u00e1bado 4 de noviembre hasta el martes 14 de noviembre en el Parque Centenario, para que propios y visitantes de la ciudad puedan adquirir camisetas, sombreros, tocados, disfraces, m\u00e1scaras, entre otros; alusivos a las Fiestas de Independencia.<\/p>\n<p>Los artesanos que van a participar en la tienda, fueron capacitados para trabajar en este proyecto tan importante, y ofrecer\u00e1n al p\u00fablico lo mejor de sus artesan\u00edas, con el objetivo de que en noviembre todos se vistan de fiesta y adornen la ciudad de colores y alegr\u00eda<\/p>\n<p>\u201cEste es un proyecto que hacemos con todas las ganas de seguir trabajando para que la ciudad desde todos los contextos se una y viva las Fiestas de Independencia. La Tienda Festiva, es una iniciativa que re\u00fane el talento de nuestros grandes artesanos y queremos y esperamos que sea bien acogida por todos los cartageneros y visitantes de la ciudad, porque en noviembre todos somos la fiesta\u201d, expres\u00f3 Bertha Arnedo Redondo, directora de IPCC.<\/p>\n<p>El IPCC har\u00e1 un acompa\u00f1amiento a los artesanos de la tienda, en la curadur\u00eda, veedur\u00eda, montaje y ambientaci\u00f3n de la misma, es por eso que los visitantes podr\u00e1n disfrutar de ambiente cargado de m\u00fasica y baile.<\/p>\n<p>Desde este s\u00e1bado 4\u00a0\u00a0de noviembre, todos podr\u00e1n disfrutar de lo que traer\u00e1 La Tienda Festiva, \u00a1\u00danete! Y este a\u00f1o, en las Fiestas de Independencia \u00a1G\u00f3zate la Herencia!<\/p>\n","protected":false},"excerpt":{"rendered":"<p>El Instituto de Patrimonio y Cultura de Cartagena (IPCC), con el \u00e1nimo de seguir empoderando la imagen las Fiestas de Independencia desde todo contexto, este a\u00f1o lanza el proyecto \u201cLa Tienda Festiva\u201d, en el que se vincula el Consejo de Artesanos de Cartagena. La Tienda Festiva se abrir\u00e1 a partir del s\u00e1bado 4 de noviembre hasta el martes 14 de noviembre en el Parque Centenario, para que propios y visitantes de la ciudad puedan adquirir camisetas, sombreros, tocados, disfraces, m\u00e1scaras, entre otros; alusivos a las Fiestas de Independencia. Los artesanos&#8230; <\/p>\n","protected":false},"author":3,"featured_media":23121,"comment_status":"open","ping_status":"closed","sticky":false,"template":"","format":"standard","meta":{"footnotes":"","_links_to":"","_links_to_target":""},"categories":[41],"tags":[],"class_list":["post-23120","post","type-post","status-publish","format-standard","has-post-thumbnail","hentry","category-cultura"],"_links":{"self":[{"href":"https:\/\/revistazetta.com\/index.php?rest_route=\/wp\/v2\/posts\/23120","targetHints":{"allow":["GET"]}}],"collection":[{"href":"https:\/\/revistazetta.com\/index.php?rest_route=\/wp\/v2\/posts"}],"about":[{"href":"https:\/\/revistazetta.com\/index.php?rest_route=\/wp\/v2\/types\/post"}],"author":[{"embeddable":true,"href":"https:\/\/revistazetta.com\/index.php?rest_route=\/wp\/v2\/users\/3"}],"replies":[{"embeddable":true,"href":"https:\/\/revistazetta.com\/index.php?rest_route=%2Fwp%2Fv2%2Fcomments&post=23120"}],"version-history":[{"count":0,"href":"https:\/\/revistazetta.com\/index.php?rest_route=\/wp\/v2\/posts\/23120\/revisions"}],"wp:featuredmedia":[{"embeddable":true,"href":"https:\/\/revistazetta.com\/index.php?rest_route=\/wp\/v2\/media\/23121"}],"wp:attachment":[{"href":"https:\/\/revistazetta.com\/index.php?rest_route=%2Fwp%2Fv2%2Fmedia&parent=23120"}],"wp:term":[{"taxonomy":"category","embeddable":true,"href":"https:\/\/revistazetta.com\/index.php?rest_route=%2Fwp%2Fv2%2Fcategories&post=23120"},{"taxonomy":"post_tag","embeddable":true,"href":"https:\/\/revistazetta.com\/index.php?rest_route=%2Fwp%2Fv2%2Ftags&post=23120"}],"curies":[{"name":"wp","href":"https:\/\/api.w.org\/{rel}","templated":true}]}}