{"id":23135,"date":"2017-11-07T04:29:25","date_gmt":"2017-11-07T09:29:25","guid":{"rendered":"http:\/\/www.revistazetta.com\/?p=23135"},"modified":"2017-11-07T07:45:28","modified_gmt":"2017-11-07T12:45:28","slug":"23135","status":"publish","type":"post","link":"https:\/\/revistazetta.com\/?p=23135","title":{"rendered":"Senador Correa pide a Santos no demorar en convocar elecciones at\u00edpicas en Cartagena"},"content":{"rendered":"<p>El segundo vicepresidente del Senado, el senador de Opci\u00f3n Ciudadana, Antonio Correa Jim\u00e9nez, inst\u00f3 desde La Heroica al presidente Juan Manuel Santos a que \u201cconvoque lo m\u00e1s r\u00e1pido posible el proceso de elecciones at\u00edpicas para proveer el cargo de alcalde mayor de Cartagena en titularidad\u201d.<\/p>\n<p>El senador hizo la petici\u00f3n ya que el alcalde detenido Manuel Vicente Duque present\u00f3 su carta de renuncia ante la Presidencia la semana pasada, pero los d\u00edas van corriendo y de la aceptaci\u00f3n y la convocatoria a elecciones no se sabe a\u00fan nada.<\/p>\n<p>\u201cSolicitamos de una manera muy respetuosa al presidente Juan Manuel Santos que se convoque al proceso de elecci\u00f3n at\u00edpica para que los ciudadanos puedan votar en\u00a0 democracia y elegir al nuevo alcalde de Cartagena, sabemos que existen unos t\u00e9rminos legales de 90 d\u00edas, pero aspiramos que esta decisi\u00f3n se tome cuanto antes y que se haga con celeridad por el bienestar de los cartageneros para que no se siga pensando que todo est\u00e1 en el aire\u201d, expres\u00f3 el senador coste\u00f1o.<\/p>\n<p>Sobre los recursos necesarios para que la jornada electoral se realice, lo cual sobrepasar\u00eda los 10 mil millones de pesos, Correa apunt\u00f3:\u00a0 \u201cEsperamos que las at\u00edpicas de Cartagena se realicen, sea con recursos de la Naci\u00f3n o con recursos del Distrito, aunque los dineros los debe poner la Naci\u00f3n, pero ante la posibilidad de que no haya presupuesto, el Distrito podr\u00eda poner una parte de los mismos\u201d.<\/p>\n<p>Para el senador, \u201cla interinidad no le conviene a\u00a0 Cartagena\u201d.<\/p>\n<p>El alcalde Manuel Vicente Duque afronta una investigaci\u00f3n por presuntas irregularidades en la elecci\u00f3n de Nubia Fontalvo como contralora que lo mantienen en la c\u00e1rcel de Sabanalarga. El funcionario dimiti\u00f3 desde la\u00a0 prisi\u00f3n pero a\u00fan el gobierno de Juan Manuel Santos a\u00fan no le responde.<\/p>\n","protected":false},"excerpt":{"rendered":"<p>El segundo vicepresidente del Senado, el senador de Opci\u00f3n Ciudadana, Antonio Correa Jim\u00e9nez, inst\u00f3 desde La Heroica al presidente Juan Manuel Santos a que \u201cconvoque lo m\u00e1s r\u00e1pido posible el proceso de elecciones at\u00edpicas para proveer el cargo de alcalde mayor de Cartagena en titularidad\u201d. El senador hizo la petici\u00f3n ya que el alcalde detenido Manuel Vicente Duque present\u00f3 su carta de renuncia ante la Presidencia la semana pasada, pero los d\u00edas van corriendo y de la aceptaci\u00f3n y la convocatoria a elecciones no se sabe a\u00fan nada. \u201cSolicitamos de&#8230; <\/p>\n","protected":false},"author":3,"featured_media":23136,"comment_status":"open","ping_status":"closed","sticky":false,"template":"","format":"standard","meta":{"footnotes":"","_links_to":"","_links_to_target":""},"categories":[4,75],"tags":[],"class_list":["post-23135","post","type-post","status-publish","format-standard","has-post-thumbnail","hentry","category-politica","category-destacada"],"_links":{"self":[{"href":"https:\/\/revistazetta.com\/index.php?rest_route=\/wp\/v2\/posts\/23135","targetHints":{"allow":["GET"]}}],"collection":[{"href":"https:\/\/revistazetta.com\/index.php?rest_route=\/wp\/v2\/posts"}],"about":[{"href":"https:\/\/revistazetta.com\/index.php?rest_route=\/wp\/v2\/types\/post"}],"author":[{"embeddable":true,"href":"https:\/\/revistazetta.com\/index.php?rest_route=\/wp\/v2\/users\/3"}],"replies":[{"embeddable":true,"href":"https:\/\/revistazetta.com\/index.php?rest_route=%2Fwp%2Fv2%2Fcomments&post=23135"}],"version-history":[{"count":0,"href":"https:\/\/revistazetta.com\/index.php?rest_route=\/wp\/v2\/posts\/23135\/revisions"}],"wp:featuredmedia":[{"embeddable":true,"href":"https:\/\/revistazetta.com\/index.php?rest_route=\/wp\/v2\/media\/23136"}],"wp:attachment":[{"href":"https:\/\/revistazetta.com\/index.php?rest_route=%2Fwp%2Fv2%2Fmedia&parent=23135"}],"wp:term":[{"taxonomy":"category","embeddable":true,"href":"https:\/\/revistazetta.com\/index.php?rest_route=%2Fwp%2Fv2%2Fcategories&post=23135"},{"taxonomy":"post_tag","embeddable":true,"href":"https:\/\/revistazetta.com\/index.php?rest_route=%2Fwp%2Fv2%2Ftags&post=23135"}],"curies":[{"name":"wp","href":"https:\/\/api.w.org\/{rel}","templated":true}]}}