{"id":23141,"date":"2017-11-07T07:45:04","date_gmt":"2017-11-07T12:45:04","guid":{"rendered":"http:\/\/www.revistazetta.com\/?p=23141"},"modified":"2017-11-07T07:45:04","modified_gmt":"2017-11-07T12:45:04","slug":"estas-las-claves-las-fiestas-independencia-2017","status":"publish","type":"post","link":"https:\/\/revistazetta.com\/?p=23141","title":{"rendered":"Estas son las claves de las Fiestas de Independencia 2017"},"content":{"rendered":"<p>La Alcald\u00eda Mayor de Cartagena a trav\u00e9s del Instituto de Patrimonio y Cultura (IPCC) invita a la ciudadan\u00eda a participar en la agenda de Fiestas de Independencia 2017 en clave de paz y con la convicci\u00f3n del valor patrimonial de las mismas. Por ello, de la mano de entidades como DATT, Dadis, Secretar\u00eda del Interior, Alcald\u00edas locales, Bomberos, Unidad de Gesti\u00f3n del Riesgo, Epa, Secretar\u00eda de Educaci\u00f3n, Secretar\u00eda de Participaci\u00f3n, Distriseguridad, IDER, Polic\u00eda Nacional, entre otras instituciones, da recomendaciones para el disfrute pleno de los eventos festivos.<\/p>\n<p>Para comenzar, le contamos que seg\u00fan <strong>Decreto No. 1386 de 24 de octubre de 2017<\/strong>, \u00a0los d\u00edas c\u00edvicos de Fiestas ser\u00e1n el <strong>9, 10 y 11 de noviembre.<\/strong><\/p>\n<p>La conmemoraci\u00f3n y celebraci\u00f3n de nuestra independencia, el gran carvanal y desfile, tendr\u00e1 lugar como es tradicional en la Avenida Santander el s\u00e1bado 11 de Noviembre, iniciando a la altura del puente del parque lineal de Crespo y con punto final en el Parque de la Marina.<\/p>\n<p>A la 1:50 p.m, el himno de Cartagena de Indias, ser\u00e1 la mejor se\u00f1al de apertura del desfile por el carro escalera del cuerpo de bomberos (una de las 4 m\u00e1quinas m\u00e1s grandes e importantes de Am\u00e9rica latina) con la bandera gigante. A las 1:55 p.m. comenzar\u00e1 el desfile, raz\u00f3n por la cual le recomendamos llegar temprano para que no se lo pierda.<\/p>\n<p><strong>Estas son las claves para disfrutar las Fiestas de Independencia 2017:<\/strong><\/p>\n<p>&nbsp;<\/p>\n<ol>\n<li><strong>ACCESO DESFILE DE INDEPENDENCIA 11 DE NOVIEMBRE<\/strong><\/li>\n<\/ol>\n<p>El tradicional desfile de Independencia por la avenida Santander se realizar\u00e1 el 11 de noviembre, para ello, el IPCC informa que la entrada del p\u00fablico para apreciar el desfile en los diversos espacios, ser\u00e1 por los boquetillos de Tejadillo, Teatro Adolfo Mej\u00eda, Santo Domingo; as\u00ed mismo, por el baluarte de la Tenaza y el de San Ignacio.<\/p>\n<p>La entrada para quienes acceder\u00e1n a los palcos ubicados en la avenida Santander, ser\u00e1 \u00fanicamente por la Avenida Santander en el extremo del Parque de la Marina.<\/p>\n<ol>\n<li value=\"2\"><strong>Seguridad<\/strong><\/li>\n<\/ol>\n<p>Para las Fiestas de Independencia habr\u00e1n dispuestos un refuerzo de 800 unidades de Polic\u00eda, provenientes de Sucre y C\u00f3rdoba, que contribuir\u00e1n a la seguridad de la ciudad, en todos sus eventos. El Desfile de Independencia del 11 de noviembre contar\u00e1 con un cord\u00f3n de 1.200 polic\u00edas.<\/p>\n<p>A partir del 3 de noviembre hasta el 14 de noviembre de 2017, se proh\u00edben: los retenes, \u00a0las bolsas de agua y sustancias colorantes, el uso de los disfraces de los capuchones, excepto para los bailarines de las comparsas debidamente inscritas en el Instituto de Patrimonio y Cultura de Cartagena IPCC, y solo durante los desfiles y eventos oficiales.<\/p>\n<p>De igual manera, se proh\u00edbe la venta, distribuci\u00f3n y uso de art\u00edculos pirot\u00e9cnicos del 3 de noviembre del 2017 hasta el 31 de enero de 2018. Y se restringe el horario de establecimientos de comercio del Centro Hist\u00f3rico hasta las 2:00 a.m, en los que se expendan y \/o consuman bebidas embriagantes tales como bares, caf\u00e9s, discotecas y restaurantes, y las\u00a0corporaciones privadas y \/ o clubes sociales, ubicados alrededor de la Plaza De Los Coches y Calle Del Porvenir.<\/p>\n<p>Vaya al desfile vestido de fiesta, con su mejor atuendo, pero sin art\u00edculos o equipaje que corra riesgo de p\u00e9rdida o robo. Cu\u00eddese con su familia y amigos y disp\u00f3ngase al encuentro ciudadano.<\/p>\n<p>No tome si va a manejar. Cuidemos a los ni\u00f1os. No todos los espacios festivos son aptos para ellos. No lo lleve a lugares nocturnos ni donde haya consumo de licor.<\/p>\n<ol>\n<li value=\"3\"><strong>C\u00f3digo de Polic\u00eda<\/strong><\/li>\n<\/ol>\n<p>A la luz del Nuevo C\u00f3digo de Polic\u00eda, no se permitir\u00e1 la utilizaci\u00f3n de Pick-up<strong>, <\/strong>desde el 3 de noviembre de 2017 hasta el 14 de noviembre de 2017. Queda prohibido la realizaci\u00f3n de cualquier tipo de espect\u00e1culos p\u00fablicos o eventos privados que conlleven la utilizaci\u00f3n de pick-up o cualquier otra clase de artefactos de amplificaci\u00f3n sonora que generen alteraciones a la tranquilidad y convivencia ciudadana. <strong>Es importante aclarar que los desfiles y cabildos que tienen previa autorizaci\u00f3n y permiso por parte del distrito, pueden realizar sus actividades sin ning\u00fan inconveniente incluyendo el consumo de bebidas alcoh\u00f3licas.<\/strong><\/p>\n<ol>\n<li value=\"4\"><strong>Circulaci\u00f3n de veh\u00edculos y v\u00edas<\/strong><\/li>\n<\/ol>\n<p>El Departamento Administrativo de Tr\u00e1nsito y Transporte (DATT) de cara a las Fiestas de Independencia, dispone de 300 reguladores y agentes de tr\u00e1nsito en las v\u00edas de la ciudad.<\/p>\n<p>Una de las medidas empieza a operar desde este 5 de noviembre, dado el cierre de una calzada de la avenida Santander para la instalaci\u00f3n de los palcos y tarimas para el Desfile de la Independencia.<\/p>\n<p>Debido a ese cierre, operar\u00e1 un contraflujo sentido Crespo-Bocagrande, desde el sector La Tenaza hasta inmediaciones de la cancha de f\u00fatbol contigua al Parque de La Marina.<\/p>\n<p>Para el 10 de noviembre se realizar\u00e1 el Desfile Estudiantil \u00a0\u201cH\u00e9roes de la Independencia\u201d, de 3 p.m. a 7 p.m. en la avenida Santander, entre la Tenaza y Parque de la Marina.<\/p>\n<p>Ese mismo d\u00eda, se realizar\u00e1 la Marcha de la Independencia y las Diversidades, de 8 p.m. a 12 .m. desde el sector La Tenaza, parque Apolo, Puerto Duro, Avenida Daniel Lemaitre y culmina en la Plaza del Joe Arroyo. Por tal evento se cerrar\u00e1 la v\u00eda Rafael N\u00fa\u00f1ez sentido Tenaza-Centro mientras circulan las comparsas.<\/p>\n<p>El Desfile de la Independencia\u00a0 a realizarse este 11 de noviembre se efectuar\u00e1 en la Avenida Santander, en sus dos carriles de circulaci\u00f3n comprendidos entre inmediaciones del Hotel Corales de Indias hasta la Glorieta de la Santander, Parque de la Marina.<\/p>\n<p>Para dicho desfile, los carriles de la citada avenida estar\u00e1n cerrados desde las 11 a.m. de ese d\u00eda \u00a0hasta finalizar el evento. La Avenida Rafael N\u00fa\u00f1ez tambi\u00e9n ser\u00e1 cerrada a esa misma hora.<\/p>\n<p>Por tal motivo, el transporte deber\u00e1 tomar el siguiente recorrido: El flujo vehicular que entra a Bocagrande proveniente de Crespo deber\u00e1 tomar el puente Romero Aguirre, barrio Canapote, v\u00eda principal del Paseo de Bol\u00edvar, Centro, Avenida Venezuela, Avenida Blas de Lezo, glorieta Santander y entran a Bocagrande.<\/p>\n<p>Para la salida de Bocagrande con destino a Crespo, los conductores deber\u00e1n tomar por la Avenida Blas de Lezo, Calle Larga \u00f3 de El Arsenal, Avenida El Pedregal o girar hacia Manga para dirigirse a Paseo de Bol\u00edvar, Canapote y Puente Romero Aguirre.<\/p>\n<p>Antes del desfile ser\u00e1n permitidos el acceso de buses con comparsas que participar\u00e1n en desfile por la marginal del cabrero hasta la esquina del hotel Ibis, previa autorizaci\u00f3n en listado por parte del IPCC y articulaci\u00f3n con el DATT. Esos buses deber\u00e1n salir por el puente Romero Aguirre.<\/p>\n<ol>\n<li value=\"5\"><strong>DADIS<\/strong><\/li>\n<\/ol>\n<p>El Departamento Administrativo Distrital de Salud decretar\u00e1 la alerta amarilla para los eventos de las Fiestas de Independencia en noviembre, el Centro Regulador de Urgencias y Emergencias prestar\u00e1 su servicio las 24 horas, igualmente, estar\u00e1 disponible la l\u00ednea 125 de atenci\u00f3n inmediata y se realizar\u00e1 una vigilancia especial a trav\u00e9s de los agentes de tr\u00e1nsito.<\/p>\n<div><\/div>\n<ol>\n<li value=\"6\"><strong>DISTRISEGURIDAD<\/strong><\/li>\n<\/ol>\n<div>Distriseguridad coordinar\u00e1 el monitoreo de las c\u00e1maras de vigilancia por los lugares donde se realicen los eventos festivos.<\/div>\n<ol>\n<li value=\"7\"><strong>TRANSCARIBE<\/strong><\/li>\n<\/ol>\n<div>La circulaci\u00f3n de los articulados de Transcaribe tendr\u00e1 los mismos horarios durante la semana del 9 al 14 de noviembre de 2017; sin embargo la ruta Crespo 102 funcionar\u00e1 el 10 de noviembre hasta mediod\u00eda y el 11 de noviembre no funcionar\u00e1 dado los cerramientos en las v\u00edas de Crespo y avenida Santander.\n<\/div>\n<ol>\n<li value=\"8\"><strong>MANEJO MEDIO AMBIENTAL<\/strong><\/li>\n<\/ol>\n<p>Seguimos con el liderazgo de y la atenci\u00f3n de la oficina de servicios p\u00fablicos en articulaci\u00f3n con los operadores de aseo, trabajando por el cuidado del medio ambiente en el marco de fiestas. Sepa que en cada lugar donde se lleva a cabo un evento festivo est\u00e1n los recicladores ayud\u00e1ndonos a disponer de la mejor manera de los desechos. No compre bebidas en vidrio. No lance al mar ni a los cuerpos de agua, los desechos. El Mar tambi\u00e9n es nuestro patrimonio.<\/p>\n<p>Ahora\u2026 solo queda vestir nuestras oficinas, casas, apartamentos, jardines, carros, pero sobre todo, vestir nuestros corazones de fiestas y celebrar la gesta libertaria!<\/p>\n","protected":false},"excerpt":{"rendered":"<p>La Alcald\u00eda Mayor de Cartagena a trav\u00e9s del Instituto de Patrimonio y Cultura (IPCC) invita a la ciudadan\u00eda a participar en la agenda de Fiestas de Independencia 2017 en clave de paz y con la convicci\u00f3n del valor patrimonial de las mismas. Por ello, de la mano de entidades como DATT, Dadis, Secretar\u00eda del Interior, Alcald\u00edas locales, Bomberos, Unidad de Gesti\u00f3n del Riesgo, Epa, Secretar\u00eda de Educaci\u00f3n, Secretar\u00eda de Participaci\u00f3n, Distriseguridad, IDER, Polic\u00eda Nacional, entre otras instituciones, da recomendaciones para el disfrute pleno de los eventos festivos. Para comenzar, le&#8230; <\/p>\n","protected":false},"author":3,"featured_media":23142,"comment_status":"open","ping_status":"closed","sticky":false,"template":"","format":"standard","meta":{"footnotes":"","_links_to":"","_links_to_target":""},"categories":[41,75],"tags":[],"class_list":["post-23141","post","type-post","status-publish","format-standard","has-post-thumbnail","hentry","category-cultura","category-destacada"],"_links":{"self":[{"href":"https:\/\/revistazetta.com\/index.php?rest_route=\/wp\/v2\/posts\/23141","targetHints":{"allow":["GET"]}}],"collection":[{"href":"https:\/\/revistazetta.com\/index.php?rest_route=\/wp\/v2\/posts"}],"about":[{"href":"https:\/\/revistazetta.com\/index.php?rest_route=\/wp\/v2\/types\/post"}],"author":[{"embeddable":true,"href":"https:\/\/revistazetta.com\/index.php?rest_route=\/wp\/v2\/users\/3"}],"replies":[{"embeddable":true,"href":"https:\/\/revistazetta.com\/index.php?rest_route=%2Fwp%2Fv2%2Fcomments&post=23141"}],"version-history":[{"count":0,"href":"https:\/\/revistazetta.com\/index.php?rest_route=\/wp\/v2\/posts\/23141\/revisions"}],"wp:featuredmedia":[{"embeddable":true,"href":"https:\/\/revistazetta.com\/index.php?rest_route=\/wp\/v2\/media\/23142"}],"wp:attachment":[{"href":"https:\/\/revistazetta.com\/index.php?rest_route=%2Fwp%2Fv2%2Fmedia&parent=23141"}],"wp:term":[{"taxonomy":"category","embeddable":true,"href":"https:\/\/revistazetta.com\/index.php?rest_route=%2Fwp%2Fv2%2Fcategories&post=23141"},{"taxonomy":"post_tag","embeddable":true,"href":"https:\/\/revistazetta.com\/index.php?rest_route=%2Fwp%2Fv2%2Ftags&post=23141"}],"curies":[{"name":"wp","href":"https:\/\/api.w.org\/{rel}","templated":true}]}}