{"id":23147,"date":"2017-11-07T22:29:41","date_gmt":"2017-11-08T03:29:41","guid":{"rendered":"http:\/\/www.revistazetta.com\/?p=23147"},"modified":"2017-11-07T22:29:41","modified_gmt":"2017-11-08T03:29:41","slug":"aprobada-licencia-ambiental-proteccion-costera","status":"publish","type":"post","link":"https:\/\/revistazetta.com\/?p=23147","title":{"rendered":"Aprobada licencia ambiental para Protecci\u00f3n Costera"},"content":{"rendered":"<p>El alcalde de Cartagena, Sergio Londo\u00f1o Zurek, confirm\u00f3 v\u00eda Twitter, que la Agencia Nacional Licencias Ambientales, Anla, entreg\u00f3 la licencia ambiental al proyecto de Protecci\u00f3n Costera de Cartagena.<\/p>\n<p>El mandatario tambi\u00e9n agradeci\u00f3 al presidente Juan Manuel Santos y a la Anla por ayudar a Cartagena. \u201cEs una excelente noticia porque este tr\u00e1mite siempre es demorado se agiliz\u00f3 gracias a la intervenci\u00f3n del Presidente, del Ministerio de Ambiente, a la Anla y de los funcionarios de la Alcald\u00eda, que trabajaron para alcanzar este logro\u201d.<\/p>\n<p>Se\u00f1al\u00f3 que en Holanda se percat\u00f3 que es urgente controlar el mar y el cambio clim\u00e1tico. \u201cHolanda presentar\u00e1 este 9 de noviembre como parte de su estrategia de cooperaci\u00f3n internacional a Colombia el Plan Integral de Manejo e Zonas Costeras en Santa Marta, donde se mostrar\u00e1 c\u00f3mo la zona costera desde La Guajira hasta Choc\u00f3 debe ser controlada y como se deben manejar los impactos del cambio clim\u00e1tico. Es un aporte valioso que determinar\u00e1 la futura cooperaci\u00f3n internacional de pa\u00edses como este\u201d.<\/p>\n<p>El proyecto se radic\u00f3 ante la Anla el 12 de octubre pasado, y contempla la actualizaci\u00f3n de estudios y dise\u00f1os realizados por la Universidad de Cartagena y las recomendaciones de los expertos en morfolog\u00eda costera de las universidades de la Florida (Estados Unidos) y de Delft (Holanda), quienes asesoraron esta propuesta, gracias a la gesti\u00f3n de la Agencia Presidencial de Cooperaci\u00f3n.<\/p>\n<p>La importancia de la licencia ambiental radica en que es un requisito previo para la solicitud del tr\u00e1mite de concesi\u00f3n ante la Dimar. Es una especie de permiso para hacer los trabajos en la franja mar\u00edtima del \u00e1rea de influencia del proyecto de protecci\u00f3n costera.<\/p>\n<p>Agotados estos tr\u00e1mites, el Gobierno Distrital deber\u00e1 abrir la licitaci\u00f3n para contratar la obra, que seg\u00fan el cronograma establecido, ser\u00eda en diciembre de este a\u00f1o.<\/p>\n<p>El tiempo de construcci\u00f3n de todo el proyecto es de 24 meses, a partir de la adjudicaci\u00f3n de la obra.<\/p>\n<p>El costo aproximado del proyecto es de $160 mil millones, de los cuales la Naci\u00f3n aporta $100 mil millones y el Distrito, $60 mil millones.<\/p>\n<p>El gobierno distrital prepara un proyecto de acuerdo y un proyecto de ordenanza para presentar ante el Concejo Distrital y a la Asamblea Departamental, respectivamente, para que esta obra sea exonerada del pago de impuesto, con lo que se librar\u00edan $12 mil millones, aproximadamente.<\/p>\n<p>El proyecto de protecci\u00f3n costera va desde el espol\u00f3n Iribarren hasta el t\u00fanel de Crespo, unos 7.2 kil\u00f3metros con el que se busca mitigar la erosi\u00f3n costera y el ingreso de agua por el aumento del mar en Marbella, Centro Hist\u00f3rico, Bocagrande y El Laguito.<\/p>\n<p>Prev\u00e9 la construcci\u00f3n de seis espolones en Bocagrande, tres rompeolas frente al Centro Hist\u00f3rico, la reestructuraci\u00f3n de los dos existentes en el sector de Las Tenazas y la construcci\u00f3n de cuatro espolones y una escollera paralela al borde costero, entre El Cabrero y Marbella.<\/p>\n<p>Busca contener los efectos del ascenso del nivel del mar, recuperar 80 metros lineales de franja de playa en Bocagrande y 50 metros de playa en Marbella y mejorar la movilidad en la Avenida Santander y Bocagrande.<\/p>\n","protected":false},"excerpt":{"rendered":"<p>El alcalde de Cartagena, Sergio Londo\u00f1o Zurek, confirm\u00f3 v\u00eda Twitter, que la Agencia Nacional Licencias Ambientales, Anla, entreg\u00f3 la licencia ambiental al proyecto de Protecci\u00f3n Costera de Cartagena. El mandatario tambi\u00e9n agradeci\u00f3 al presidente Juan Manuel Santos y a la Anla por ayudar a Cartagena. \u201cEs una excelente noticia porque este tr\u00e1mite siempre es demorado se agiliz\u00f3 gracias a la intervenci\u00f3n del Presidente, del Ministerio de Ambiente, a la Anla y de los funcionarios de la Alcald\u00eda, que trabajaron para alcanzar este logro\u201d. Se\u00f1al\u00f3 que en Holanda se percat\u00f3 que&#8230; <\/p>\n","protected":false},"author":3,"featured_media":23148,"comment_status":"open","ping_status":"closed","sticky":false,"template":"","format":"standard","meta":{"footnotes":"","_links_to":"","_links_to_target":""},"categories":[32,75],"tags":[],"class_list":["post-23147","post","type-post","status-publish","format-standard","has-post-thumbnail","hentry","category-actualidad-distrito","category-destacada"],"_links":{"self":[{"href":"https:\/\/revistazetta.com\/index.php?rest_route=\/wp\/v2\/posts\/23147","targetHints":{"allow":["GET"]}}],"collection":[{"href":"https:\/\/revistazetta.com\/index.php?rest_route=\/wp\/v2\/posts"}],"about":[{"href":"https:\/\/revistazetta.com\/index.php?rest_route=\/wp\/v2\/types\/post"}],"author":[{"embeddable":true,"href":"https:\/\/revistazetta.com\/index.php?rest_route=\/wp\/v2\/users\/3"}],"replies":[{"embeddable":true,"href":"https:\/\/revistazetta.com\/index.php?rest_route=%2Fwp%2Fv2%2Fcomments&post=23147"}],"version-history":[{"count":0,"href":"https:\/\/revistazetta.com\/index.php?rest_route=\/wp\/v2\/posts\/23147\/revisions"}],"wp:featuredmedia":[{"embeddable":true,"href":"https:\/\/revistazetta.com\/index.php?rest_route=\/wp\/v2\/media\/23148"}],"wp:attachment":[{"href":"https:\/\/revistazetta.com\/index.php?rest_route=%2Fwp%2Fv2%2Fmedia&parent=23147"}],"wp:term":[{"taxonomy":"category","embeddable":true,"href":"https:\/\/revistazetta.com\/index.php?rest_route=%2Fwp%2Fv2%2Fcategories&post=23147"},{"taxonomy":"post_tag","embeddable":true,"href":"https:\/\/revistazetta.com\/index.php?rest_route=%2Fwp%2Fv2%2Ftags&post=23147"}],"curies":[{"name":"wp","href":"https:\/\/api.w.org\/{rel}","templated":true}]}}