{"id":23149,"date":"2017-11-07T22:40:52","date_gmt":"2017-11-08T03:40:52","guid":{"rendered":"http:\/\/www.revistazetta.com\/?p=23149"},"modified":"2017-11-07T23:41:45","modified_gmt":"2017-11-08T04:41:45","slug":"alcaldia-decreta-dias-civicos-medidas-fiestas-independencia","status":"publish","type":"post","link":"https:\/\/revistazetta.com\/?p=23149","title":{"rendered":"Alcald\u00eda decreta d\u00edas c\u00edvicos y medidas para fiestas de Independencia"},"content":{"rendered":"<p>De conformidad con el Decreto 1386 del 24 de octubre de 2017, el alcalde de Cartagena, Sergio Londo\u00f1o Zurek invit\u00f3 a los ciudadanos a vincularse a los actos c\u00edvicos, festivos y culturales programados para la conmemoraci\u00f3n y celebraci\u00f3n de los 206 a\u00f1os de la Independencia de Cartagena de Indias y declara d\u00edas c\u00edvicos 9 y, 10 de noviembre.<\/p>\n<p>Algunas oficinas de la administraci\u00f3n distrital tendr\u00e1n horario especial hasta este 8 de noviembre: La Ventanilla \u00danica de Atenci\u00f3n al Ciudadano trabajar\u00e1 este mi\u00e9rcoles en horario extendido hasta las 4 p.m., y la correspondencia que ingrese a partir de la 1 p.m. ser\u00e1 tramitada el martes 14 de noviembre en el horario habitual.<\/p>\n<p>En la Secretar\u00eda de Hacienda los recaudos funcionar\u00e1n con los horarios que trabajen los bancos, y jueves y viernes se acogen al d\u00eda c\u00edvico. Para pago de impuestos este mi\u00e9rcoles el horario es el habitual y retoman labores el martes 14 de noviembre.<\/p>\n<p>Asimismo el Alcalde indic\u00f3 a trav\u00e9s del mencionado decreto que los jefes de carteras como Secretaria del Interior, Cuerpo de Bomberos, C\u00e1rcel Distrital, Oficina Asesora de Gesti\u00f3n del Riesgo, Departamento Administrativo de Tr\u00e1nsito y Transporte y Dadis, no suspender\u00e1n sus labores.<\/p>\n<p><strong>OTRAS MEDIDAS<\/strong><\/p>\n<p>En el Decreto 1461 del 3 de noviembre de 2017 se toman medidas de orden p\u00fablico con ocasi\u00f3n de las fiestas de Independencia y las festividades de fin de a\u00f1o.<\/p>\n<ul>\n<li>Se proh\u00edben retenes, bolas de agua y sustancias colorantes, desde el 3 de noviembre hasta el 14 de noviembre.<\/li>\n<li>Se proh\u00edbe el uso de disfraces, desde el 3 de noviembre hasta el 14. Excepto para bailarines de las comparsas inscritas en el Instituto de Patrimonio y Cultura de Cartagena.<\/li>\n<li>Se proh\u00edbe la utilizaci\u00f3n de pick-up<\/li>\n<li>Prohibida la venta, distribuci\u00f3n y uso de art\u00edculos pirot\u00e9cnicos. Desde el 3 de noviembre 2017- hasta el 31 de enero de 2018.<\/li>\n<li>Restricciones para establecimientos de comercio en Centro Hist\u00f3rico: desde el 3 de noviembre 2017- hasta el 31 de enero de 2018 el horario ser\u00e1 hasta las 2 a.m.<\/li>\n<li>Prohibici\u00f3n de estacionamiento en cercan\u00edas a establecimientos bancarios.<\/li>\n<\/ul>\n","protected":false},"excerpt":{"rendered":"<p>De conformidad con el Decreto 1386 del 24 de octubre de 2017, el alcalde de Cartagena, Sergio Londo\u00f1o Zurek invit\u00f3 a los ciudadanos a vincularse a los actos c\u00edvicos, festivos y culturales programados para la conmemoraci\u00f3n y celebraci\u00f3n de los 206 a\u00f1os de la Independencia de Cartagena de Indias y declara d\u00edas c\u00edvicos 9 y, 10 de noviembre. Algunas oficinas de la administraci\u00f3n distrital tendr\u00e1n horario especial hasta este 8 de noviembre: La Ventanilla \u00danica de Atenci\u00f3n al Ciudadano trabajar\u00e1 este mi\u00e9rcoles en horario extendido hasta las 4 p.m., y&#8230; <\/p>\n","protected":false},"author":3,"featured_media":23160,"comment_status":"open","ping_status":"closed","sticky":false,"template":"","format":"standard","meta":{"footnotes":"","_links_to":"","_links_to_target":""},"categories":[2],"tags":[],"class_list":["post-23149","post","type-post","status-publish","format-standard","has-post-thumbnail","hentry","category-actualidad"],"_links":{"self":[{"href":"https:\/\/revistazetta.com\/index.php?rest_route=\/wp\/v2\/posts\/23149","targetHints":{"allow":["GET"]}}],"collection":[{"href":"https:\/\/revistazetta.com\/index.php?rest_route=\/wp\/v2\/posts"}],"about":[{"href":"https:\/\/revistazetta.com\/index.php?rest_route=\/wp\/v2\/types\/post"}],"author":[{"embeddable":true,"href":"https:\/\/revistazetta.com\/index.php?rest_route=\/wp\/v2\/users\/3"}],"replies":[{"embeddable":true,"href":"https:\/\/revistazetta.com\/index.php?rest_route=%2Fwp%2Fv2%2Fcomments&post=23149"}],"version-history":[{"count":0,"href":"https:\/\/revistazetta.com\/index.php?rest_route=\/wp\/v2\/posts\/23149\/revisions"}],"wp:featuredmedia":[{"embeddable":true,"href":"https:\/\/revistazetta.com\/index.php?rest_route=\/wp\/v2\/media\/23160"}],"wp:attachment":[{"href":"https:\/\/revistazetta.com\/index.php?rest_route=%2Fwp%2Fv2%2Fmedia&parent=23149"}],"wp:term":[{"taxonomy":"category","embeddable":true,"href":"https:\/\/revistazetta.com\/index.php?rest_route=%2Fwp%2Fv2%2Fcategories&post=23149"},{"taxonomy":"post_tag","embeddable":true,"href":"https:\/\/revistazetta.com\/index.php?rest_route=%2Fwp%2Fv2%2Ftags&post=23149"}],"curies":[{"name":"wp","href":"https:\/\/api.w.org\/{rel}","templated":true}]}}