{"id":23150,"date":"2017-11-07T22:44:11","date_gmt":"2017-11-08T03:44:11","guid":{"rendered":"http:\/\/www.revistazetta.com\/?p=23150"},"modified":"2017-11-07T22:44:11","modified_gmt":"2017-11-08T03:44:11","slug":"reinas-populares-evocan-80-anos-del-reinado-independencia","status":"publish","type":"post","link":"https:\/\/revistazetta.com\/?p=23150","title":{"rendered":"Reinas populares evocan 80 a\u00f1os del Reinado de Independencia"},"content":{"rendered":"<p>Con la presencia de las reinas Escilda D\u00edaz Vergara de 1958, Mar\u00eda Miranda de 1968, Marly Gait\u00e1n de 1987, Yeimy Paola de 2002, Gisel Mar\u00edn Ramos de 2007 y Wendy Almanza de 2012, el Instituto de Patrimonio y Cultura de Cartagena (IPCC), realiz\u00f3 con \u00e9xito el conversatorio \u201cOchenta a\u00f1os de Reinado de Independencia, en las voces de sus protagonistas\u201d, en el Teatro Adolfo Mej\u00eda.<\/p>\n<p>C\u00f3mo fue el paso para ser reina, los principales temores cuando participaron y el por qu\u00e9 el Reinado de Independencia debe seguir, fueron los t\u00f3picos que tocaron las exreinas.<\/p>\n<p>\u201cEl Reinado de Independencia es un pilar en las Fiestas de Independencia, nosotras como reinas unimos a nuestras comunidades y hacemos que los barrios participen en la agenda festiva\u00bb, coment\u00f3 Wendy Almanza.<\/p>\n<p>Yeimy Paola Vargas y Giselle Mar\u00edn Ramos, coincidieron al expresar que los tacones y el maquillaje no hac\u00edan parte de su vida, cuando les propusieron ser candidatas de sus barrios. Y que esa fue una tarea bastante dif\u00edcil, pero que finalmente pudieron desarrollar y con creces.<\/p>\n<p>Marly Gait\u00e1n explic\u00f3 c\u00f3mo su corona jalon\u00f3 procesos en su comunidad, c\u00f3mo fue la pavimentaci\u00f3n de sus calles. Durante el conversatorio se realiz\u00f3 el lanzamiento del documental: \u2018M\u00e1scara de gato\u2019, que recopila canciones memorables de las Fiestas de Independencia.<\/p>\n<p>Y se present\u00f3 la estatuilla Capuch\u00f3n de Oro, creaci\u00f3n de la artista pl\u00e1stica Nora luz Quintana, con el que se galardonar\u00e1n a los actores festivos, comparsas, reinas, grupos folcl\u00f3ricos, disfraces individuales y colectivos. Cabe resaltar que la idea de esta estatuilla, surgi\u00f3 del Consejo de \u00e1rea de Artistas Pl\u00e1sticos que hace parte del Consejo Distrital de Cultura.<\/p>\n","protected":false},"excerpt":{"rendered":"<p>Con la presencia de las reinas Escilda D\u00edaz Vergara de 1958, Mar\u00eda Miranda de 1968, Marly Gait\u00e1n de 1987, Yeimy Paola de 2002, Gisel Mar\u00edn Ramos de 2007 y Wendy Almanza de 2012, el Instituto de Patrimonio y Cultura de Cartagena (IPCC), realiz\u00f3 con \u00e9xito el conversatorio \u201cOchenta a\u00f1os de Reinado de Independencia, en las voces de sus protagonistas\u201d, en el Teatro Adolfo Mej\u00eda. C\u00f3mo fue el paso para ser reina, los principales temores cuando participaron y el por qu\u00e9 el Reinado de Independencia debe seguir, fueron los t\u00f3picos que&#8230; <\/p>\n","protected":false},"author":3,"featured_media":23151,"comment_status":"open","ping_status":"closed","sticky":false,"template":"","format":"standard","meta":{"footnotes":"","_links_to":"","_links_to_target":""},"categories":[41],"tags":[],"class_list":["post-23150","post","type-post","status-publish","format-standard","has-post-thumbnail","hentry","category-cultura"],"_links":{"self":[{"href":"https:\/\/revistazetta.com\/index.php?rest_route=\/wp\/v2\/posts\/23150","targetHints":{"allow":["GET"]}}],"collection":[{"href":"https:\/\/revistazetta.com\/index.php?rest_route=\/wp\/v2\/posts"}],"about":[{"href":"https:\/\/revistazetta.com\/index.php?rest_route=\/wp\/v2\/types\/post"}],"author":[{"embeddable":true,"href":"https:\/\/revistazetta.com\/index.php?rest_route=\/wp\/v2\/users\/3"}],"replies":[{"embeddable":true,"href":"https:\/\/revistazetta.com\/index.php?rest_route=%2Fwp%2Fv2%2Fcomments&post=23150"}],"version-history":[{"count":0,"href":"https:\/\/revistazetta.com\/index.php?rest_route=\/wp\/v2\/posts\/23150\/revisions"}],"wp:featuredmedia":[{"embeddable":true,"href":"https:\/\/revistazetta.com\/index.php?rest_route=\/wp\/v2\/media\/23151"}],"wp:attachment":[{"href":"https:\/\/revistazetta.com\/index.php?rest_route=%2Fwp%2Fv2%2Fmedia&parent=23150"}],"wp:term":[{"taxonomy":"category","embeddable":true,"href":"https:\/\/revistazetta.com\/index.php?rest_route=%2Fwp%2Fv2%2Fcategories&post=23150"},{"taxonomy":"post_tag","embeddable":true,"href":"https:\/\/revistazetta.com\/index.php?rest_route=%2Fwp%2Fv2%2Ftags&post=23150"}],"curies":[{"name":"wp","href":"https:\/\/api.w.org\/{rel}","templated":true}]}}