{"id":23152,"date":"2017-11-07T22:57:31","date_gmt":"2017-11-08T03:57:31","guid":{"rendered":"http:\/\/www.revistazetta.com\/?p=23152"},"modified":"2017-11-07T22:57:31","modified_gmt":"2017-11-08T03:57:31","slug":"camcomercio-cartagena-justifica-constructores-aquarela","status":"publish","type":"post","link":"https:\/\/revistazetta.com\/?p=23152","title":{"rendered":"CamComercio Cartagena justifica a constructores de Aquarela"},"content":{"rendered":"<p>La C\u00e1mara de Comercio de Cartagena terci\u00f3 en favor del constructor del proyecto Aquarela, que ha generado pol\u00e9mica por el levantamiento de una primera torre, que obstruye la visual sobre el castillo de San Felipe y que motiv\u00f3 su suspensi\u00f3n, as\u00ed como la intervenci\u00f3n de la Procuradur\u00eda y el Ministerio de Cultura para proteger ese patrimonio de la ciudad.<\/p>\n<p>La entidad emiti\u00f3 un comunicado en el que se\u00f1ala que el proyecto Acuarela casi \u00abestigmatizado por estos d\u00edas por su cercan\u00eda al Castillo San Felipe\u00bb. La C\u00e1mara de Comercio dice: <strong><em>\u00abEl cuestionamiento no es para el constructor, este recae sobre el que plane\u00f3 y proyect\u00f3 la norma que soport\u00f3 los permisos, pero adem\u00e1s, tambi\u00e9n para qui\u00e9n tiene la labor de direccionar desde las competencias que da el Estado, y su implementaci\u00f3n. Preocupa \u00a0la situaci\u00f3n del promotor, ya que aduce tener todas sus licencias en regla de acuerdo a lo que exige la norma\u00bb.\u00a0<\/em><\/strong><\/p>\n<p>El ente cameral puntualiz\u00f3 que <strong><em>\u00abLo que hoy llega a ser inconcebible es que por no preveer que esta edificaci\u00f3n obstruir\u00eda la visual del Castillo San Felipe, se pone en riesgo la econom\u00eda, ilusiones y estabilidad de decenas de familias que, a la final son los m\u00e1s perjudicados\u00bb.<\/em><\/strong><\/p>\n<p>Este es el comunicado:<\/p>\n<p><span style=\"color: #0000ff;\"><em><strong>Cartagena de Indias noviembre 02 del 2017<\/strong>. De acuerdo a los diferentes hechos an\u00f3malos que se han venido presentando en la ciudad de Cartagena, con respecto a la construcci\u00f3n de edificios, la C\u00e1mara de Comercio hace un llamado a que prime la legalidad y se tomen los controles pertinentes desde la concepci\u00f3n de la norma para que luego no se presenten \u00a0problemas en el desarrollo de los proyectos urban\u00edsticos.<\/em><\/span><\/p>\n<p><span style=\"color: #0000ff;\"><em>Los directivos de la entidad aseguran que no es conveniente para nuestro progreso y estabilidad social y \u00a0econ\u00f3mica que se presenten este tipo de situaciones, ya que desdibujan la imagen de los empresarios del sector de la construcci\u00f3n y de la clase dirigente. Advierten que si bien algunos han cometido errores, hay muchos que se rigen a la ley y son cumplidores de sus compromisos y no puede darse que, acogidos a la norma, luego sea puesto en entredicho sus licencias.<\/em><\/span><\/p>\n<p><span style=\"color: #0000ff;\"><em>Esto plantea una enorme inestabilidad a este gremio.\u00a0 Tal \u00a0es el caso de lo sucedido con el proyecto Acuarela, estigmatizado en estos d\u00edas por su cercan\u00eda al Castillo San Felipe.\u00a0 El cuestionamiento no es para el constructor, este recae sobre el que plane\u00f3 y proyect\u00f3 la norma que soport\u00f3 los permisos, pero adem\u00e1s, tambi\u00e9n para qui\u00e9n tiene la labor de direccionar desde las competencias que da el Estado, y su implementaci\u00f3n. Preocupa \u00a0la situaci\u00f3n del promotor, ya que aduce tener todas sus licencias en regla de acuerdo a lo que exige la norma. Lo que hoy llega a ser inconcebible es que por no preveer que esta edificaci\u00f3n obstruir\u00eda la visual del Castillo San Felipe, se pone en riesgo la econom\u00eda, ilusiones y estabilidad de decenas de familias que, a la final son los m\u00e1s perjudicados.\u00a0<\/em><\/span><\/p>\n<p><span style=\"color: #0000ff;\"><em>La C\u00e1mara de Comercio de Cartagena es una entidad que trabaja por el fortalecimiento y sostenibilidad de las empresas y por eso somos conscientes de la necesidad de articular las alianzas p\u00fablico privadas, que vayan en beneficio de la ciudad y el empresariado de la misma.<\/em><\/span><\/p>\n","protected":false},"excerpt":{"rendered":"<p>La C\u00e1mara de Comercio de Cartagena terci\u00f3 en favor del constructor del proyecto Aquarela, que ha generado pol\u00e9mica por el levantamiento de una primera torre, que obstruye la visual sobre el castillo de San Felipe y que motiv\u00f3 su suspensi\u00f3n, as\u00ed como la intervenci\u00f3n de la Procuradur\u00eda y el Ministerio de Cultura para proteger ese patrimonio de la ciudad. La entidad emiti\u00f3 un comunicado en el que se\u00f1ala que el proyecto Acuarela casi \u00abestigmatizado por estos d\u00edas por su cercan\u00eda al Castillo San Felipe\u00bb. La C\u00e1mara de Comercio dice: \u00abEl&#8230; <\/p>\n","protected":false},"author":3,"featured_media":23153,"comment_status":"open","ping_status":"closed","sticky":false,"template":"","format":"standard","meta":{"footnotes":"","_links_to":"","_links_to_target":""},"categories":[3,75,50],"tags":[],"class_list":["post-23152","post","type-post","status-publish","format-standard","has-post-thumbnail","hentry","category-ciudad","category-destacada","category-empresa"],"_links":{"self":[{"href":"https:\/\/revistazetta.com\/index.php?rest_route=\/wp\/v2\/posts\/23152","targetHints":{"allow":["GET"]}}],"collection":[{"href":"https:\/\/revistazetta.com\/index.php?rest_route=\/wp\/v2\/posts"}],"about":[{"href":"https:\/\/revistazetta.com\/index.php?rest_route=\/wp\/v2\/types\/post"}],"author":[{"embeddable":true,"href":"https:\/\/revistazetta.com\/index.php?rest_route=\/wp\/v2\/users\/3"}],"replies":[{"embeddable":true,"href":"https:\/\/revistazetta.com\/index.php?rest_route=%2Fwp%2Fv2%2Fcomments&post=23152"}],"version-history":[{"count":0,"href":"https:\/\/revistazetta.com\/index.php?rest_route=\/wp\/v2\/posts\/23152\/revisions"}],"wp:featuredmedia":[{"embeddable":true,"href":"https:\/\/revistazetta.com\/index.php?rest_route=\/wp\/v2\/media\/23153"}],"wp:attachment":[{"href":"https:\/\/revistazetta.com\/index.php?rest_route=%2Fwp%2Fv2%2Fmedia&parent=23152"}],"wp:term":[{"taxonomy":"category","embeddable":true,"href":"https:\/\/revistazetta.com\/index.php?rest_route=%2Fwp%2Fv2%2Fcategories&post=23152"},{"taxonomy":"post_tag","embeddable":true,"href":"https:\/\/revistazetta.com\/index.php?rest_route=%2Fwp%2Fv2%2Ftags&post=23152"}],"curies":[{"name":"wp","href":"https:\/\/api.w.org\/{rel}","templated":true}]}}