{"id":23154,"date":"2017-11-07T23:09:34","date_gmt":"2017-11-08T04:09:34","guid":{"rendered":"http:\/\/www.revistazetta.com\/?p=23154"},"modified":"2017-11-07T23:09:34","modified_gmt":"2017-11-08T04:09:34","slug":"gobernacion-bolivar-tapara-huecos-la-santander","status":"publish","type":"post","link":"https:\/\/revistazetta.com\/?p=23154","title":{"rendered":"Gobernaci\u00f3n de Bol\u00edvar tapar\u00e1 huecos de la Santander"},"content":{"rendered":"<div><img loading=\"lazy\" decoding=\"async\" class=\"alignright size-medium wp-image-23156\" src=\"https:\/\/www.revistazetta.com\/wp-content\/uploads\/2017\/11\/WhatsApp-Image-2017-11-07-at-10.30.20-1-300x188.jpeg\" alt=\"\" width=\"300\" height=\"188\" srcset=\"https:\/\/revistazetta.com\/wp-content\/uploads\/2017\/11\/WhatsApp-Image-2017-11-07-at-10.30.20-1-300x188.jpeg 300w, https:\/\/revistazetta.com\/wp-content\/uploads\/2017\/11\/WhatsApp-Image-2017-11-07-at-10.30.20-1.jpeg 1024w, https:\/\/revistazetta.com\/wp-content\/uploads\/2017\/11\/WhatsApp-Image-2017-11-07-at-10.30.20-1-234x146.jpeg 234w, https:\/\/revistazetta.com\/wp-content\/uploads\/2017\/11\/WhatsApp-Image-2017-11-07-at-10.30.20-1-50x31.jpeg 50w, https:\/\/revistazetta.com\/wp-content\/uploads\/2017\/11\/WhatsApp-Image-2017-11-07-at-10.30.20-1-120x75.jpeg 120w\" sizes=\"auto, (max-width: 300px) 100vw, 300px\" \/>Ante las constantes quejas por el mal estado de la avenida Santander, importante arteria vial de los cartageneros que actualmente evidencia baches y agrietamientos, el gobernador de Bol\u00edvar, Dumek Turbay, anunci\u00f3 una intervenci\u00f3n de $400 millones que permitir\u00e1n una mejor movilidad y recuperaci\u00f3n de esta zona de la ciudad.<\/div>\n<div>De acuerdo con Turbay Paz, como aspecto significativo, adem\u00e1s de la adecuaci\u00f3n de cada una de las \u00e1reas afectadas por huecos, que dificultan el normal tr\u00e1nsito y ocasionan da\u00f1os a los automotores, los trabajos tambi\u00e9n comprenden un reforzamiento de la se\u00f1alizaci\u00f3n vial para contribuir en una mejor visualizaci\u00f3n de las mismas y en la reducci\u00f3n de accidentes de tr\u00e1nsito.<\/div>\n<div>El inicio de los trabajos, seg\u00fan dio a conocer el mandatario departamental, est\u00e1 estipulado para este 12 de noviembre, una vez sean desmontados los diferentes palcos del Desfile de Indenpendencia.<\/div>\n<div>Turbay Paz dio a conocer que, en coordinaci\u00f3n con la Secretar\u00eda de Infraestructura de la ciudad, continuar\u00e1n nuevas intervenciones en v\u00edas de Cartagena que evidencian deterioro, as\u00ed como la recuperaci\u00f3n de zonas verdes.<\/div>\n<div>\u201cEstamos comprometidos con el bienestar y desarrollo de Cartagena, como capital de nuestro departamento, y por eso hemos destinado estas importantes inversiones de la mano con la Secretar\u00eda de Infraestructura\u201d, dijo Turbay.<\/div>\n<div><\/div>\n<div><b>Otras inversiones en Cartagena<\/b><\/div>\n<div><\/div>\n<div>Estas nuevas obras en Cartagena lideradas por la Gobernaci\u00f3n\u00a0 de Bol\u00edvar, a trav\u00e9s de su Secretar\u00eda de Infraestructura,\u00a0 se suman a otras inversiones realizadas por la Administraci\u00f3n Departamental en la ciudad, que incluyen la construcci\u00f3n y adecuaci\u00f3n de parques y zonas verdes, espacios deportivos, adem\u00e1s de recuperaci\u00f3n de monumentos, como los emblem\u00e1ticos Pegasos,\u00a0 en el Centro Hist\u00f3rico de la ciudad,\u00a0 con un total de $13.000\u00a0 millones invertidos.<\/div>\n<div>En cuanto la construcci\u00f3n, adecuaci\u00f3n y mantenimiento de parques, la Gobernaci\u00f3n de Bol\u00edvar ha invertido un total de $8.797 millones, en cuatro barrios de la ciudad distribuidos as\u00ed:<\/div>\n<div>Construcci\u00f3n del parque de La Felicidad, dirigido a la poblaci\u00f3n en condici\u00f3n de discapacidad del barrio Huellas Alberto Uribe, con\u00a0 una inversi\u00f3n de $2.857 millones; otros $3.280 millones\u00a0 para el parque de Los Calamares; y $660 millones en la recuperaci\u00f3n del tradicional parque del barrio Bruselas.\u00a0 Ello sumado a $2.000 millones destinados al mantenimiento y conservaci\u00f3n del parque Esp\u00edritu del Manglar, que se ha constituido en un importante punto de encuentro de decenas de familias cartageneras y bolivarenses, al igual que de turistas o visitantes.<\/div>\n<div>Adem\u00e1s, con el fin de incentivar la pr\u00e1ctica del deporte en los barrios, la Gobernaci\u00f3n de Bol\u00edvar tambi\u00e9n asumi\u00f3 la recuperaci\u00f3n de las tradicionales canchas de f\u00fatbol de la Alameda La Victoria, por un valor de $2.500 millones.<\/div>\n<div><\/div>\n<div><\/div>\n<div><b>Inversiones en el Centro Hist\u00f3rico\u00a0<\/b><\/div>\n<div><\/div>\n<div>Adem\u00e1s de la consolidaci\u00f3n de parques recreativos, la Gobernaci\u00f3n de Bol\u00edvar tambi\u00e9n asumi\u00f3 la recuperaci\u00f3n del monumento de Los Pegasos, por un valor de $395 millones.<\/div>\n<div>Adem\u00e1s, aunque estos trabajos a\u00fan no se han iniciado, la Gobernaci\u00f3n de Bol\u00edvar ha proyectado una inversi\u00f3n de $6.000 millones para la recuperaci\u00f3n de Plaza de Los Coches.\u200b<\/div>\n","protected":false},"excerpt":{"rendered":"<p>Ante las constantes quejas por el mal estado de la avenida Santander, importante arteria vial de los cartageneros que actualmente evidencia baches y agrietamientos, el gobernador de Bol\u00edvar, Dumek Turbay, anunci\u00f3 una intervenci\u00f3n de $400 millones que permitir\u00e1n una mejor movilidad y recuperaci\u00f3n de esta zona de la ciudad. De acuerdo con Turbay Paz, como aspecto significativo, adem\u00e1s de la adecuaci\u00f3n de cada una de las \u00e1reas afectadas por huecos, que dificultan el normal tr\u00e1nsito y ocasionan da\u00f1os a los automotores, los trabajos tambi\u00e9n comprenden un reforzamiento de la se\u00f1alizaci\u00f3n&#8230; <\/p>\n","protected":false},"author":3,"featured_media":23155,"comment_status":"open","ping_status":"closed","sticky":false,"template":"","format":"standard","meta":{"footnotes":"","_links_to":"","_links_to_target":""},"categories":[3,75,40],"tags":[],"class_list":["post-23154","post","type-post","status-publish","format-standard","has-post-thumbnail","hentry","category-ciudad","category-destacada","category-tuciudad"],"_links":{"self":[{"href":"https:\/\/revistazetta.com\/index.php?rest_route=\/wp\/v2\/posts\/23154","targetHints":{"allow":["GET"]}}],"collection":[{"href":"https:\/\/revistazetta.com\/index.php?rest_route=\/wp\/v2\/posts"}],"about":[{"href":"https:\/\/revistazetta.com\/index.php?rest_route=\/wp\/v2\/types\/post"}],"author":[{"embeddable":true,"href":"https:\/\/revistazetta.com\/index.php?rest_route=\/wp\/v2\/users\/3"}],"replies":[{"embeddable":true,"href":"https:\/\/revistazetta.com\/index.php?rest_route=%2Fwp%2Fv2%2Fcomments&post=23154"}],"version-history":[{"count":0,"href":"https:\/\/revistazetta.com\/index.php?rest_route=\/wp\/v2\/posts\/23154\/revisions"}],"wp:featuredmedia":[{"embeddable":true,"href":"https:\/\/revistazetta.com\/index.php?rest_route=\/wp\/v2\/media\/23155"}],"wp:attachment":[{"href":"https:\/\/revistazetta.com\/index.php?rest_route=%2Fwp%2Fv2%2Fmedia&parent=23154"}],"wp:term":[{"taxonomy":"category","embeddable":true,"href":"https:\/\/revistazetta.com\/index.php?rest_route=%2Fwp%2Fv2%2Fcategories&post=23154"},{"taxonomy":"post_tag","embeddable":true,"href":"https:\/\/revistazetta.com\/index.php?rest_route=%2Fwp%2Fv2%2Ftags&post=23154"}],"curies":[{"name":"wp","href":"https:\/\/api.w.org\/{rel}","templated":true}]}}