{"id":23157,"date":"2017-11-07T23:13:14","date_gmt":"2017-11-08T04:13:14","guid":{"rendered":"http:\/\/www.revistazetta.com\/?p=23157"},"modified":"2017-11-08T01:09:03","modified_gmt":"2017-11-08T06:09:03","slug":"plan-emergencia-social-pes-2018-esta-sin-presupuesto-2018","status":"publish","type":"post","link":"https:\/\/revistazetta.com\/?p=23157","title":{"rendered":"Plan de Emergencia Social (PES) est\u00e1 sin presupuesto para 2018"},"content":{"rendered":"<p>Los concejales Javier Curi Osorio, William P\u00e9rez Montes, Am\u00e9rico Mendoza Quessep, y Duvinia Torres Cohen, \u00a0manifestaron en la plenaria del Concejo su preocupaci\u00f3n por la no asignaci\u00f3n al presupuesto de 2018 al Plan de Emergencia Social (PES) Pedro Romero, y piden a la administraci\u00f3n Distrital revisar el tema a partir de una evaluaci\u00f3n integral de los avances que se han dado a partir de este programa de ciudad.<\/p>\n<p>Los cabildantes aseguran que el PES hace parte de una pol\u00edtica p\u00fablica de inclusi\u00f3n para erradicar la pobreza en la ciudad, por lo que deben atenderse los logros que ha tenido seg\u00fan cada una de las l\u00edneas de trabajo.<\/p>\n<p>Curi Osorio explic\u00f3 que se hace necesaria una continuidad en el desarrollo de las pol\u00edticas p\u00fablicas de ciudad para garantizar que los ciudadanos realmente se beneficien de las mismas.<\/p>\n<p>\u201cQuiero recordarle a la administraci\u00f3n que este programa est\u00e1 institucionalizado, y es la columna vertebral de un acuerdo, y que debemos tener una explicaci\u00f3n de por qu\u00e9 en estos momentos no aparecen asignados recursos. Este es el programa bandera de la pol\u00edtica p\u00fablica de inclusi\u00f3n social en la ciudad de Cartagena.<\/p>\n<p>Llevamos 8 a\u00f1os de estar implementando este programa, y antes de tomar una decisi\u00f3n de no asignar recursos y no financiarlo, tienen que darnos una explicaci\u00f3n a trav\u00e9s de una evaluaci\u00f3n de proyecto; y en caso de que haya que tomar los correctivos, se tomar\u00e1n, pero este proyecto no puede desaparecer de la asignaci\u00f3n presupuestal\u201d, argument\u00f3 Javier Curi Osorio, concejal liberal.<\/p>\n<p>A su vez, William P\u00e9rez Montes y Duvinia Torres Cohen expresaron su inconformidad por la situaci\u00f3n presupuestal del PES para el 2018, instando al Alcalde (e) y a su equipo de trabajo, revisar con detenimiento el tema.<\/p>\n<p>Am\u00e9rico Mendoza indic\u00f3: \u201cYo tengo una duda. No s\u00e9 si los programas del PES quedaron desfinanciados o se trasladaron a otras dependencias de la Alcald\u00eda. Hay que tener en cuenta que dentro del PES hay programas que amparan derechos fundamentales, y no pueden quedar en el aire\u201d.<\/p>\n<p>&nbsp;<\/p>\n<p><strong>Habla el Director del PES<\/strong><\/p>\n<p>Javier Lora Jim\u00e9nez, director del PES, explic\u00f3 durante la sesi\u00f3n cada una de las variables con las cuales hacen las mediciones de superaci\u00f3n de pobreza, y los alcances que tuvieron en cada l\u00ednea de trabajo en el 2017. Algunas cifras importantes fueron: m\u00e1s de 12 ferias \u201cViernes con mi gente\u201d, 29 mil personas atendidas, y 370 jornadas realizadas en distintos barrios de la ciudad.<\/p>\n<p>As\u00ed mismo, indic\u00f3 que el presupuesto asignado para el 2017 fue de 2 mil 960 millones de pesos, y que para el 2018 no ten\u00edan presupuesto asignado, sino que tienen pensado trabajar articulados con otras secretar\u00edas y dependencias de la Alcald\u00eda.<\/p>\n<p>&nbsp;<\/p>\n<p><strong>Alerta por la deuda del DADIS<\/strong><\/p>\n<p>En plenaria tambi\u00e9n se estudi\u00f3 la ejecuci\u00f3n presupuestal del Departamento Administrativo Distrital de Salud (DADIS) durante el 2017, y la proyecci\u00f3n para el 2018.<\/p>\n<p>Adriana Meza Yepes, directora del DADIS, manifest\u00f3 que su presupuesto definitivo en el 2017 fue de 459 mil millones, del cual han ejecutado un 46% hasta el 30 de septiembre; y para el 2018 son 444 mil millones los que se han planteado.<\/p>\n<p>Para responder un cuestionamiento del concejal C\u00e9sar Pi\u00f3n Gonz\u00e1lez, Meza Yepes explic\u00f3 que la deuda actual del DADIS desde vigencias anteriores, para prestaci\u00f3n de servicios (a IPS), y NO POS, es de 125 mil millones de pesos.<\/p>\n<p>El concejal C\u00e9sar Pi\u00f3n Gonz\u00e1lez dijo que es necesario gestionar el dinero que debe el DADIS para pensar en una ejecuci\u00f3n efectiva del presupuesto. \u201cSi el Alcalde no prioriza saldar esta deuda, ser\u00e1 muy dif\u00edcil lograr una continuidad en los procesos porque cada a\u00f1o crece sin haber salidas a corto plazo\u201d. Adem\u00e1s precis\u00f3 que se hace necesario tener unos indicadores espec\u00edficos para conocer c\u00f3mo est\u00e1 la salud en Cartagena, pues la ejecuci\u00f3n de programas en s\u00ed mismos no lo indican.<\/p>\n<p>Am\u00e9rico Mendoza Quessep, del partido ASI, se refiri\u00f3 a las 39 obras priorizadas que se \u00a0proyectaron construir y atender desde hace 3 a\u00f1os, resaltando la importancia de las mismas para la atenci\u00f3n en salud de los ciudadanos en diferentes barrios y corregimientos de la ciudad.<\/p>\n<p>El cabildante Javier \u00a0Curi \u00a0Osorio bas\u00f3 su intervenci\u00f3n en la priorizaci\u00f3n econ\u00f3mica que se le debe dar a algunos programas como\u00a0<em>Sexualidad, derechos sexuales y reproductivos<\/em>, que recibi\u00f3 en 2017 un poco m\u00e1s de mil millones, y para el pr\u00f3ximo a\u00f1o se proyecta con un presupuesto de 500 millones, lo cual se reduce aproximadamente a la mitad. \u201cEste es un programa que quiero usar como ejemplo para explicar que se debe priorizar. Este programa ha contribuido con la disminuci\u00f3n de los embarazos en ni\u00f1as y adolescentes. S\u00e9 que no se han hecho las actividades suficientes, y ahora quieren reducir el presupuesto pr\u00e1cticamente a la mitad\u201d, a\u00f1adi\u00f3.<\/p>\n<p>&nbsp;<\/p>\n<p><strong>Solicitud detallada de la contrataci\u00f3n Distrital<\/strong><\/p>\n<p>El cabildante Rodrigo Reyes Pereira present\u00f3 una proposici\u00f3n con el objetivo de citar al Instituto Distrital de Deportes y Recreaci\u00f3n (IDER), Secretar\u00eda de Hacienda,\u00a0 Secretar\u00eda General, Valorizaci\u00f3n, Departamento Administrativo de Tr\u00e1nsito y Transporte (DATT), Establecimiento P\u00fablico Ambiental (EPA), Escuela de Gobierno y Liderazgo, Instituto de Patrimonio y Cultura de Cartagena\u00a0 (IPCC), Oficina de Servicios P\u00fablicos, Oficina de Apoyo Log\u00edstico, Distriseguridad, y Despacho del Alcalde, para que presenten informaci\u00f3n detallada sobre la contrataci\u00f3n realizada entre junio y octubre de 2017.<\/p>\n<p>Dicha proposici\u00f3n ser\u00e1 adicionada a la proposici\u00f3n mediante la cual se est\u00e1 realizando el estudio de presupuesto por cada dependencia y Secretar\u00eda Distrital.<\/p>\n","protected":false},"excerpt":{"rendered":"<p>Los concejales Javier Curi Osorio, William P\u00e9rez Montes, Am\u00e9rico Mendoza Quessep, y Duvinia Torres Cohen, \u00a0manifestaron en la plenaria del Concejo su preocupaci\u00f3n por la no asignaci\u00f3n al presupuesto de 2018 al Plan de Emergencia Social (PES) Pedro Romero, y piden a la administraci\u00f3n Distrital revisar el tema a partir de una evaluaci\u00f3n integral de los avances que se han dado a partir de este programa de ciudad. Los cabildantes aseguran que el PES hace parte de una pol\u00edtica p\u00fablica de inclusi\u00f3n para erradicar la pobreza en la ciudad, por&#8230; <\/p>\n","protected":false},"author":3,"featured_media":23167,"comment_status":"open","ping_status":"closed","sticky":false,"template":"","format":"standard","meta":{"footnotes":"","_links_to":"","_links_to_target":""},"categories":[4,27],"tags":[],"class_list":["post-23157","post","type-post","status-publish","format-standard","has-post-thumbnail","hentry","category-politica","category-politicaconcejo"],"_links":{"self":[{"href":"https:\/\/revistazetta.com\/index.php?rest_route=\/wp\/v2\/posts\/23157","targetHints":{"allow":["GET"]}}],"collection":[{"href":"https:\/\/revistazetta.com\/index.php?rest_route=\/wp\/v2\/posts"}],"about":[{"href":"https:\/\/revistazetta.com\/index.php?rest_route=\/wp\/v2\/types\/post"}],"author":[{"embeddable":true,"href":"https:\/\/revistazetta.com\/index.php?rest_route=\/wp\/v2\/users\/3"}],"replies":[{"embeddable":true,"href":"https:\/\/revistazetta.com\/index.php?rest_route=%2Fwp%2Fv2%2Fcomments&post=23157"}],"version-history":[{"count":0,"href":"https:\/\/revistazetta.com\/index.php?rest_route=\/wp\/v2\/posts\/23157\/revisions"}],"wp:featuredmedia":[{"embeddable":true,"href":"https:\/\/revistazetta.com\/index.php?rest_route=\/wp\/v2\/media\/23167"}],"wp:attachment":[{"href":"https:\/\/revistazetta.com\/index.php?rest_route=%2Fwp%2Fv2%2Fmedia&parent=23157"}],"wp:term":[{"taxonomy":"category","embeddable":true,"href":"https:\/\/revistazetta.com\/index.php?rest_route=%2Fwp%2Fv2%2Fcategories&post=23157"},{"taxonomy":"post_tag","embeddable":true,"href":"https:\/\/revistazetta.com\/index.php?rest_route=%2Fwp%2Fv2%2Ftags&post=23157"}],"curies":[{"name":"wp","href":"https:\/\/api.w.org\/{rel}","templated":true}]}}