{"id":23161,"date":"2017-11-08T00:50:20","date_gmt":"2017-11-08T05:50:20","guid":{"rendered":"http:\/\/www.revistazetta.com\/?p=23161"},"modified":"2017-11-08T01:04:06","modified_gmt":"2017-11-08T06:04:06","slug":"mas-seis-mil-personas-acudieron-llamado-corvivienda-proyectos-interes-social","status":"publish","type":"post","link":"https:\/\/revistazetta.com\/?p=23161","title":{"rendered":"M\u00e1s de seis mil personas acudieron a llamado de Corvivienda para proyectos de inter\u00e9s social"},"content":{"rendered":"<p><img loading=\"lazy\" decoding=\"async\" class=\"alignright size-medium wp-image-23165\" src=\"https:\/\/www.revistazetta.com\/wp-content\/uploads\/2017\/11\/2017-11-07-PHOTO-00003705-300x188.jpg\" alt=\"\" width=\"300\" height=\"188\" srcset=\"https:\/\/revistazetta.com\/wp-content\/uploads\/2017\/11\/2017-11-07-PHOTO-00003705-300x188.jpg 300w, https:\/\/revistazetta.com\/wp-content\/uploads\/2017\/11\/2017-11-07-PHOTO-00003705.jpg 1024w, https:\/\/revistazetta.com\/wp-content\/uploads\/2017\/11\/2017-11-07-PHOTO-00003705-234x146.jpg 234w, https:\/\/revistazetta.com\/wp-content\/uploads\/2017\/11\/2017-11-07-PHOTO-00003705-50x31.jpg 50w, https:\/\/revistazetta.com\/wp-content\/uploads\/2017\/11\/2017-11-07-PHOTO-00003705-120x75.jpg 120w\" sizes=\"auto, (max-width: 300px) 100vw, 300px\" \/>M\u00e1s de seis mil personas acudieron al Coliseo de Combate desde el 31 de octubre al 7 de noviembre, para pre-inscribirse en la segunda oferta institucional &#8216;Por Cartagena&#8217; y buscar ser beneficiados con alguna vivienda de inter\u00e9s social que ofrece Corvivienda.<\/p>\n<p>El gerente de la entidad, William Garc\u00eda Tirado, se mostr\u00f3 muy complacido con la gran afluencia de cartageneros y explic\u00f3 cu\u00e1l es el paso a seguir en esta iniciativa del Distrito.<\/p>\n<p>\u00abLogramos el objetivo y atendimos hasta el \u00faltima persona que se acerc\u00f3 al Coliseo, para cumplir con el requisito de preinscripci\u00f3n. Ahora, los invitamos a que sigan en el proceso y que del 1 al 7 de diciembre se inscriban en la p\u00e1gina www.corvivienda.gov.co para que obtengan subsidio parcial\u00bb, afirm\u00f3 el funcionario.<\/p>\n<p>A\u00f1adi\u00f3 que \u00abseguiremos trabajando para que todos los cartageneros tengan un techo propio\u00bb.<\/p>\n<p>En esta segunda jornada, son tres los proyectos de vivienda que se ofertaron: Bah\u00eda San Carlos, Caminos del Cerro y Manzana 72 Ciudadela Bicentenario.<\/p>\n<p>Para las familias que pertenezcan a pobreza extrema, v\u00edctimas del conflicto armado, damnificados de las olas invernales o barrio San francisco que deseen subsidio total o casa gratis igual deben inscribirce en la misma fecha del 1 al 7 de diciembre a travez de la p\u00e1gina WEB.<\/p>\n","protected":false},"excerpt":{"rendered":"<p>M\u00e1s de seis mil personas acudieron al Coliseo de Combate desde el 31 de octubre al 7 de noviembre, para pre-inscribirse en la segunda oferta institucional &#8216;Por Cartagena&#8217; y buscar ser beneficiados con alguna vivienda de inter\u00e9s social que ofrece Corvivienda. El gerente de la entidad, William Garc\u00eda Tirado, se mostr\u00f3 muy complacido con la gran afluencia de cartageneros y explic\u00f3 cu\u00e1l es el paso a seguir en esta iniciativa del Distrito. \u00abLogramos el objetivo y atendimos hasta el \u00faltima persona que se acerc\u00f3 al Coliseo, para cumplir con el&#8230; <\/p>\n","protected":false},"author":3,"featured_media":23164,"comment_status":"open","ping_status":"closed","sticky":false,"template":"","format":"standard","meta":{"footnotes":"","_links_to":"","_links_to_target":""},"categories":[32,86,75],"tags":[],"class_list":["post-23161","post","type-post","status-publish","format-standard","has-post-thumbnail","hentry","category-actualidad-distrito","category-comunidad","category-destacada"],"_links":{"self":[{"href":"https:\/\/revistazetta.com\/index.php?rest_route=\/wp\/v2\/posts\/23161","targetHints":{"allow":["GET"]}}],"collection":[{"href":"https:\/\/revistazetta.com\/index.php?rest_route=\/wp\/v2\/posts"}],"about":[{"href":"https:\/\/revistazetta.com\/index.php?rest_route=\/wp\/v2\/types\/post"}],"author":[{"embeddable":true,"href":"https:\/\/revistazetta.com\/index.php?rest_route=\/wp\/v2\/users\/3"}],"replies":[{"embeddable":true,"href":"https:\/\/revistazetta.com\/index.php?rest_route=%2Fwp%2Fv2%2Fcomments&post=23161"}],"version-history":[{"count":0,"href":"https:\/\/revistazetta.com\/index.php?rest_route=\/wp\/v2\/posts\/23161\/revisions"}],"wp:featuredmedia":[{"embeddable":true,"href":"https:\/\/revistazetta.com\/index.php?rest_route=\/wp\/v2\/media\/23164"}],"wp:attachment":[{"href":"https:\/\/revistazetta.com\/index.php?rest_route=%2Fwp%2Fv2%2Fmedia&parent=23161"}],"wp:term":[{"taxonomy":"category","embeddable":true,"href":"https:\/\/revistazetta.com\/index.php?rest_route=%2Fwp%2Fv2%2Fcategories&post=23161"},{"taxonomy":"post_tag","embeddable":true,"href":"https:\/\/revistazetta.com\/index.php?rest_route=%2Fwp%2Fv2%2Ftags&post=23161"}],"curies":[{"name":"wp","href":"https:\/\/api.w.org\/{rel}","templated":true}]}}