{"id":23162,"date":"2017-11-08T00:55:50","date_gmt":"2017-11-08T05:55:50","guid":{"rendered":"http:\/\/www.revistazetta.com\/?p=23162"},"modified":"2017-11-08T05:54:23","modified_gmt":"2017-11-08T10:54:23","slug":"atipicas-menu-del-almuerzo-alcalde-concejales","status":"publish","type":"post","link":"https:\/\/revistazetta.com\/?p=23162","title":{"rendered":"At\u00edpicas, el \u201cmen\u00fa\u201d del almuerzo entre Alcalde y Concejales"},"content":{"rendered":"<p>La elecci\u00f3n de un alcalde en propiedad en unos comicios at\u00edpicos fue el \u201cmen\u00fa\u201d principal en el almuerzo que el alcalde encargado Sergio Londo\u00f1o ofreci\u00f3 a los 17 concejales de Cartagena en el hotel intercontiental de Bocagrande.<\/p>\n<p>Aunque se trataron temas generales de ciudad y la agenda de proyectos de acuerdo que actualmente cursan en la corporaci\u00f3n, lo que m\u00e1s centr\u00f3 la conversaci\u00f3n fue la renuncia del alcalde titular Manolo Duque y el nuevo escenario pol\u00edtico que ello representa.<\/p>\n<p>Este fue el primer encuentro informal entre el mandatario encargado y los concejales, toda vez que siempre se han visto en el recinto del Concejo cuando Londo\u00f1o acude a instalar o clausurar sesiones.<\/p>\n<p>A los concejales les sorprendi\u00f3 la llamada de Johny Ordosgoitia, secretario general de la Alcald\u00eda, invit\u00e1ndoles a esta reuni\u00f3n informal.<\/p>\n<p>Muy puntuales, a las 12.30 p.m. de este martes estaban todos en la puerta del restaurante, y antes de ingresar fueron invitados cordialmente a dejar sus tel\u00e9fonos celulares apagados en una urna dispuesta para tal fin.<\/p>\n<p>El alcalde Londo\u00f1o estuvo acompa\u00f1ado por Ordosgoitia as\u00ed como por el director jur\u00eddico Milton Pereira, y se mostr\u00f3 muy amable y descomplicado.<\/p>\n<p>Entre una entrada de ceviches y un plato fuerte con medallones de lomo, el mandatario y los concejales comentaron sobre los siguientes pasos que las normas establecen en este caso, y evocaron lo sucedido hace apenas cuatro a\u00f1os con el fallecimiento de Campo El\u00edas Ter\u00e1n Dix y la elecci\u00f3n de Dionisio V\u00e9lez Trujillo.<\/p>\n<p>Fue tal la gravitaci\u00f3n en torno a las at\u00edpicas, que no se ocuparon en hablar de los cambios que se avistan en el gabinete distrital.<\/p>\n<p>Algunos comentaron que en la agenda del Concejo tambi\u00e9n figura ahora el proceso para elegir un nuevo contralor en reemplazo de Nubia Fontalvo, y si a ello se suma la elecci\u00f3n del pr\u00f3ximo alcalde, estar\u00e1n reviviendo un proceso que ocurri\u00f3 apenas hace dos a\u00f1os.<\/p>\n<p>El alcalde trajo a colaci\u00f3n su reciente experiencia en Holanda y la manera en que en ese pa\u00eds han convivido con el mar, lo que se podr\u00eda aplicar aqu\u00ed, dada la semejanza geogr\u00e1fica.<\/p>\n","protected":false},"excerpt":{"rendered":"<p>La elecci\u00f3n de un alcalde en propiedad en unos comicios at\u00edpicos fue el \u201cmen\u00fa\u201d principal en el almuerzo que el alcalde encargado Sergio Londo\u00f1o ofreci\u00f3 a los 17 concejales de Cartagena en el hotel intercontiental de Bocagrande. Aunque se trataron temas generales de ciudad y la agenda de proyectos de acuerdo que actualmente cursan en la corporaci\u00f3n, lo que m\u00e1s centr\u00f3 la conversaci\u00f3n fue la renuncia del alcalde titular Manolo Duque y el nuevo escenario pol\u00edtico que ello representa. Este fue el primer encuentro informal entre el mandatario encargado y&#8230; <\/p>\n","protected":false},"author":3,"featured_media":23163,"comment_status":"open","ping_status":"closed","sticky":false,"template":"","format":"standard","meta":{"footnotes":"","_links_to":"","_links_to_target":""},"categories":[75,4],"tags":[],"class_list":["post-23162","post","type-post","status-publish","format-standard","has-post-thumbnail","hentry","category-destacada","category-politica"],"_links":{"self":[{"href":"https:\/\/revistazetta.com\/index.php?rest_route=\/wp\/v2\/posts\/23162","targetHints":{"allow":["GET"]}}],"collection":[{"href":"https:\/\/revistazetta.com\/index.php?rest_route=\/wp\/v2\/posts"}],"about":[{"href":"https:\/\/revistazetta.com\/index.php?rest_route=\/wp\/v2\/types\/post"}],"author":[{"embeddable":true,"href":"https:\/\/revistazetta.com\/index.php?rest_route=\/wp\/v2\/users\/3"}],"replies":[{"embeddable":true,"href":"https:\/\/revistazetta.com\/index.php?rest_route=%2Fwp%2Fv2%2Fcomments&post=23162"}],"version-history":[{"count":0,"href":"https:\/\/revistazetta.com\/index.php?rest_route=\/wp\/v2\/posts\/23162\/revisions"}],"wp:featuredmedia":[{"embeddable":true,"href":"https:\/\/revistazetta.com\/index.php?rest_route=\/wp\/v2\/media\/23163"}],"wp:attachment":[{"href":"https:\/\/revistazetta.com\/index.php?rest_route=%2Fwp%2Fv2%2Fmedia&parent=23162"}],"wp:term":[{"taxonomy":"category","embeddable":true,"href":"https:\/\/revistazetta.com\/index.php?rest_route=%2Fwp%2Fv2%2Fcategories&post=23162"},{"taxonomy":"post_tag","embeddable":true,"href":"https:\/\/revistazetta.com\/index.php?rest_route=%2Fwp%2Fv2%2Ftags&post=23162"}],"curies":[{"name":"wp","href":"https:\/\/api.w.org\/{rel}","templated":true}]}}