{"id":23168,"date":"2017-11-08T01:43:20","date_gmt":"2017-11-08T06:43:20","guid":{"rendered":"http:\/\/www.revistazetta.com\/?p=23168"},"modified":"2017-11-08T01:43:20","modified_gmt":"2017-11-08T06:43:20","slug":"orbita-politica-john-zamora-miercoles-8-noviembre","status":"publish","type":"post","link":"https:\/\/revistazetta.com\/?p=23168","title":{"rendered":"\u00d3rbita Pol\u00edtica de John Zamora \u2013 mi\u00e9rcoles 8 de noviembre"},"content":{"rendered":"<p><strong>Era una foto vieja<\/strong><\/p>\n<p>Alguien decidi\u00f3 desempolvar una foto desenfocada y descuadrada del actual secretario de Educaci\u00f3n, Jaime Hern\u00e1ndez Am\u00edn, almorzando con el dirigente Andr\u00e9s Betancourt y la envi\u00f3 al Canal Cartagena, que la public\u00f3 en su cuenta de Facebook, preguntando la opini\u00f3n de sus visitantes.<\/p>\n<p>De inmediato comenzaron los cuestionamientos: \u00a1un funcionario p\u00fablico a manteles con un candidato a la Alcald\u00eda!<\/p>\n<p>Pero antes que el \u201cp\u00e1nico cundiera\u201d, el propio Hern\u00e1ndez Am\u00edn escribi\u00f3 en el muro del Canal la aclaraci\u00f3n:<\/p>\n<p><em>\u201cEl almuerzo fue hace dos meses, le ped\u00ed a Andr\u00e9s, como a otros amigos, consejos de buen gobierno mientras cursaba mis primeras semanas como Secretario de Educaci\u00f3n. Ni \u00e9l era candidato ni el momento estaba \u00ab\u00e1lgido\u00bb. Cualquier otra duda me pueden preguntar, como bien lo han podido haber hecho desde un principio. Saludos\u201d.<\/em><\/p>\n<p>&nbsp;<\/p>\n<p>&nbsp;<\/p>\n<p><strong>Licencia es un gran logro: Villadiego<\/strong><\/p>\n<p>Para la senadora del Partido de la U, Sandra Villadiego, es un gran logro conocer que el proyecto de Protecci\u00f3n Costera de Cartagena, ya tenga licencia ambiental.<\/p>\n<p>\u201cMe complace saber que la Agencia Nacional de Licencias Ambientales (Anla), haya otorgado la licencia ambiental a este proyecto de ciudad, tal como lo dio a conocer el alcalde de Cartagena, Sergio Londo\u00f1o Zurek, en su cuenta de Twitter\u201d, explic\u00f3 la congresista.<\/p>\n<p>Este proyecto fue radicado en octubre pasado y tiene previsto la actualizaci\u00f3n de estudios dise\u00f1os del proyecto.<\/p>\n<p>\u201cLa licencia otorgada es el requisito necesario para poder tramitar ante la Dimar el permiso para hacer las obras que se necesitan adelantar en la zona mar\u00edtima en la zona de influencia del proyecto\u201d, coment\u00f3 la Senadora.<\/p>\n<p>Cumplido este proceso, el gobierno nacional deber\u00e1 convocar a un proceso licitatorio y el tiempo de construcci\u00f3n de esta obra ser\u00eda de 24 meses, desde el momento de su adjudicaci\u00f3n.<\/p>\n<p>El costo de este proyecto, expres\u00f3 la congresista, est\u00e1 por el orden de los 160 mil millones de pesos, de los cuales el gobierno nacional, ya se comprometi\u00f3 con poner 100 mil y los restantes 60 mil le corresponden al Distrito de Cartagena.<\/p>\n<p>Estas obras, record\u00f3 Villadiego, comienza desde el espol\u00f3n de Iribarren hasta el T\u00fanel de Crespo. Son unos 7,2 kil\u00f3metros, cuya finalidad es mitigar la erosi\u00f3n el ingreso del mar a Marbella, Centro Hist\u00f3rico, Bocagrande y Laguito.<\/p>\n<p>&nbsp;<\/p>\n<p><strong>Corvivienda funciona<\/strong><\/p>\n<p>Ya hemos dicho que Corvivienda ha vuelto a hacer lo que le toca: viviendas. El autor de su resurgimiento ha sido William Garc\u00eda Tirado, quien como gerente entendi\u00f3 que su gesti\u00f3n no se pod\u00eda reducir a legalizar t\u00edtulos o atiborrar de burocracia. En estos dos a\u00f1os, la entidad ha hecho convocatorias, sorteos p\u00fablicos, asignaciones de vivienda. Est\u00e1 ejecutando proyectos y vienen m\u00e1s, como los comprometidos en la exitosa convocatoria que acaba de concluir para Bah\u00eda San Carlos, Caminos del Cerro y Manzana 72 Ciudadela Bicentenario, con m\u00e1s de seis mil preinscritos.<\/p>\n","protected":false},"excerpt":{"rendered":"<p>Era una foto vieja Alguien decidi\u00f3 desempolvar una foto desenfocada y descuadrada del actual secretario de Educaci\u00f3n, Jaime Hern\u00e1ndez Am\u00edn, almorzando con el dirigente Andr\u00e9s Betancourt y la envi\u00f3 al Canal Cartagena, que la public\u00f3 en su cuenta de Facebook, preguntando la opini\u00f3n de sus visitantes. De inmediato comenzaron los cuestionamientos: \u00a1un funcionario p\u00fablico a manteles con un candidato a la Alcald\u00eda! Pero antes que el \u201cp\u00e1nico cundiera\u201d, el propio Hern\u00e1ndez Am\u00edn escribi\u00f3 en el muro del Canal la aclaraci\u00f3n: \u201cEl almuerzo fue hace dos meses, le ped\u00ed a Andr\u00e9s,&#8230; <\/p>\n","protected":false},"author":3,"featured_media":23169,"comment_status":"open","ping_status":"closed","sticky":false,"template":"","format":"standard","meta":{"footnotes":"","_links_to":"","_links_to_target":""},"categories":[75,47,44,45],"tags":[],"class_list":["post-23168","post","type-post","status-publish","format-standard","has-post-thumbnail","hentry","category-destacada","category-john-zamora","category-materiagris","category-orbita"],"_links":{"self":[{"href":"https:\/\/revistazetta.com\/index.php?rest_route=\/wp\/v2\/posts\/23168","targetHints":{"allow":["GET"]}}],"collection":[{"href":"https:\/\/revistazetta.com\/index.php?rest_route=\/wp\/v2\/posts"}],"about":[{"href":"https:\/\/revistazetta.com\/index.php?rest_route=\/wp\/v2\/types\/post"}],"author":[{"embeddable":true,"href":"https:\/\/revistazetta.com\/index.php?rest_route=\/wp\/v2\/users\/3"}],"replies":[{"embeddable":true,"href":"https:\/\/revistazetta.com\/index.php?rest_route=%2Fwp%2Fv2%2Fcomments&post=23168"}],"version-history":[{"count":0,"href":"https:\/\/revistazetta.com\/index.php?rest_route=\/wp\/v2\/posts\/23168\/revisions"}],"wp:featuredmedia":[{"embeddable":true,"href":"https:\/\/revistazetta.com\/index.php?rest_route=\/wp\/v2\/media\/23169"}],"wp:attachment":[{"href":"https:\/\/revistazetta.com\/index.php?rest_route=%2Fwp%2Fv2%2Fmedia&parent=23168"}],"wp:term":[{"taxonomy":"category","embeddable":true,"href":"https:\/\/revistazetta.com\/index.php?rest_route=%2Fwp%2Fv2%2Fcategories&post=23168"},{"taxonomy":"post_tag","embeddable":true,"href":"https:\/\/revistazetta.com\/index.php?rest_route=%2Fwp%2Fv2%2Ftags&post=23168"}],"curies":[{"name":"wp","href":"https:\/\/api.w.org\/{rel}","templated":true}]}}