{"id":23173,"date":"2017-11-09T07:36:20","date_gmt":"2017-11-09T12:36:20","guid":{"rendered":"http:\/\/www.revistazetta.com\/?p=23173"},"modified":"2017-11-09T07:41:39","modified_gmt":"2017-11-09T12:41:39","slug":"pedrito-pereira-emeterio-montes-preinscritos-candidatos-camara-partido-conservador","status":"publish","type":"post","link":"https:\/\/revistazetta.com\/?p=23173","title":{"rendered":"Pedrito Pereira y Emeterio Montes, preinscritos como candidatos a C\u00e1mara en el Partido Conservador"},"content":{"rendered":"<p>La lista que el Partido Conservador confecciona en Bol\u00edvar para la C\u00e1mara de Representantes ya tiene preinscritos al actual representante Pedrito Pereira y al abogado Emeterio Montes. Se espera la inscripci\u00f3n de Yanil Arana, de Magangu\u00e9.<\/p>\n<p>Estas inscripciones son internas, es decir, ante la organizaci\u00f3n del Partido Conservador, para luego ser llevada la inscripci\u00f3n formal ante la Registradur\u00eda Nacional del Estado Civil.<\/p>\n<p>De esta manera, ser\u00edan tres los grandes grupos que canalizar\u00edan sus fuerzas electorales en Bol\u00edvar a trav\u00e9s del conservatismo, y se vislumbra que podr\u00edan lograr dos curules, lo que dejar\u00eda a uno de ellos como gran damnificado.<\/p>\n<p>Para disipar dudas y propiciar la cohesi\u00f3n del conservatismo en Bol\u00edvar, el representante Pedrito Pereira se inscribi\u00f3 ante las autoridades de su partido como candidato a la C\u00e1mara.<\/p>\n<p>No obstante, al parecer la inscripci\u00f3n de Pereria es una formalidad, ya que se baraja la posibilidad de una aspiraci\u00f3n a la Alcald\u00eda de Cartagena, no ahora en las at\u00edpicas, sino para el periodo regular, dentro de dos a\u00f1os.<\/p>\n<p>No se sabe si Pereira se confirma como aspirante a la reelecci\u00f3n, si no aspira para reservarse para la Alcald\u00eda, si cede su liderazgo a alguien de su grupo o un familiar, o si se repliega a favor de otra candidatura.<\/p>\n<p>De otro lado, la inscripci\u00f3n de Emeterio Montes es la confirmaci\u00f3n del regreso del grupo de su t\u00edo, William Montes Medina, al Partido Conservador. Montes Medina fue senador precisamente a nombre de la colectividad azul.<\/p>\n<p>Se espera la inscripci\u00f3n del empresario maganguele\u00f1o Yamil Arana, que entrar\u00eda en f\u00f3rmula con la actual senadora Nadia Blel Scaff.<\/p>\n<p>De esta manera, los grupos Pereira, Blel y Montes ser\u00edan los grandes electores dentro del partido Conservador, y se disipa as\u00ed la sombra de una lista d\u00e9bil \u2013que se crey\u00f3 podr\u00eda ocurrir- a ser una lista fuerte con posibilidad de lograr dos curules a C\u00e1mara.<\/p>\n<p>Se sabe que las relaciones entre los grupos Blel y Montes no siempre han sido arm\u00f3nicas y podr\u00edan repelerse estando en la misma plataforma a C\u00e1mara. A Pereira le simpatizan ambas alas y le queda la posibilidad de declinar m\u00e1s adelante para propiciar que los dos sectores tengan posibilidades, mientras \u00e9l se reserva a la Alcald\u00eda.<\/p>\n<p><u>\u00a0<\/u><\/p>\n","protected":false},"excerpt":{"rendered":"<p>La lista que el Partido Conservador confecciona en Bol\u00edvar para la C\u00e1mara de Representantes ya tiene preinscritos al actual representante Pedrito Pereira y al abogado Emeterio Montes. Se espera la inscripci\u00f3n de Yanil Arana, de Magangu\u00e9. Estas inscripciones son internas, es decir, ante la organizaci\u00f3n del Partido Conservador, para luego ser llevada la inscripci\u00f3n formal ante la Registradur\u00eda Nacional del Estado Civil. De esta manera, ser\u00edan tres los grandes grupos que canalizar\u00edan sus fuerzas electorales en Bol\u00edvar a trav\u00e9s del conservatismo, y se vislumbra que podr\u00edan lograr dos curules, lo&#8230; <\/p>\n","protected":false},"author":3,"featured_media":23174,"comment_status":"open","ping_status":"closed","sticky":false,"template":"","format":"standard","meta":{"footnotes":"","_links_to":"","_links_to_target":""},"categories":[4,75],"tags":[],"class_list":["post-23173","post","type-post","status-publish","format-standard","has-post-thumbnail","hentry","category-politica","category-destacada"],"_links":{"self":[{"href":"https:\/\/revistazetta.com\/index.php?rest_route=\/wp\/v2\/posts\/23173","targetHints":{"allow":["GET"]}}],"collection":[{"href":"https:\/\/revistazetta.com\/index.php?rest_route=\/wp\/v2\/posts"}],"about":[{"href":"https:\/\/revistazetta.com\/index.php?rest_route=\/wp\/v2\/types\/post"}],"author":[{"embeddable":true,"href":"https:\/\/revistazetta.com\/index.php?rest_route=\/wp\/v2\/users\/3"}],"replies":[{"embeddable":true,"href":"https:\/\/revistazetta.com\/index.php?rest_route=%2Fwp%2Fv2%2Fcomments&post=23173"}],"version-history":[{"count":0,"href":"https:\/\/revistazetta.com\/index.php?rest_route=\/wp\/v2\/posts\/23173\/revisions"}],"wp:featuredmedia":[{"embeddable":true,"href":"https:\/\/revistazetta.com\/index.php?rest_route=\/wp\/v2\/media\/23174"}],"wp:attachment":[{"href":"https:\/\/revistazetta.com\/index.php?rest_route=%2Fwp%2Fv2%2Fmedia&parent=23173"}],"wp:term":[{"taxonomy":"category","embeddable":true,"href":"https:\/\/revistazetta.com\/index.php?rest_route=%2Fwp%2Fv2%2Fcategories&post=23173"},{"taxonomy":"post_tag","embeddable":true,"href":"https:\/\/revistazetta.com\/index.php?rest_route=%2Fwp%2Fv2%2Ftags&post=23173"}],"curies":[{"name":"wp","href":"https:\/\/api.w.org\/{rel}","templated":true}]}}