{"id":23240,"date":"2017-11-15T19:08:51","date_gmt":"2017-11-16T00:08:51","guid":{"rendered":"http:\/\/www.revistazetta.com\/?p=23240"},"modified":"2017-11-15T19:10:01","modified_gmt":"2017-11-16T00:10:01","slug":"23240","status":"publish","type":"post","link":"https:\/\/revistazetta.com\/?p=23240","title":{"rendered":"La Habana presume del rescate del casco hist\u00f3rico en los 498 a\u00f1os de su fundaci\u00f3n"},"content":{"rendered":"<div id=\"attachment_23243\" style=\"width: 310px\" class=\"wp-caption alignright\"><img loading=\"lazy\" decoding=\"async\" aria-describedby=\"caption-attachment-23243\" class=\"wp-image-23243 size-medium\" src=\"https:\/\/www.revistazetta.com\/wp-content\/uploads\/2017\/11\/Habana-3-300x188.jpg\" alt=\"\" width=\"300\" height=\"188\" srcset=\"https:\/\/revistazetta.com\/wp-content\/uploads\/2017\/11\/Habana-3-300x188.jpg 300w, https:\/\/revistazetta.com\/wp-content\/uploads\/2017\/11\/Habana-3-234x146.jpg 234w, https:\/\/revistazetta.com\/wp-content\/uploads\/2017\/11\/Habana-3-50x31.jpg 50w, https:\/\/revistazetta.com\/wp-content\/uploads\/2017\/11\/Habana-3-120x75.jpg 120w, https:\/\/revistazetta.com\/wp-content\/uploads\/2017\/11\/Habana-3.jpg 896w\" sizes=\"auto, (max-width: 300px) 100vw, 300px\" \/><p id=\"caption-attachment-23243\" class=\"wp-caption-text\">Sal\u00f3n de los pasos perdidos. Uno de los espacios que resplandecen en el Capitolio, donde se recuperaron los m\u00e1rmoles y luminarias de bronce.<\/p><\/div>\n<p><span style=\"color: #0000ff;\"><strong>(Art\u00edculo publicado por el diario Clar\u00edn, de Buenos Aires, firmado por Vivian Urfeig).-<\/strong><\/span> La Habana cumple 498 a\u00f1os de pie. La emblem\u00e1tica capital de Cuba, que super\u00f3 embates de piratas, corsarios y le dio batalla a Irma, el \u00faltimo hurac\u00e1n, se prepara para un festejo especial. De cara al 2019, cuando se celebren 500 a\u00f1os del d\u00eda en que colonizadores espa\u00f1oles fundaron San Crist\u00f3bal de La Habana (16 de noviembre de 1517), el trabajo de restauraci\u00f3n patrimonial acaba de obtener dos <strong>premios Gubbio<\/strong>. El certamen, que reconoce a las obras que revitalizan y ponen en valor el patrimonio de distintos centros hist\u00f3ricos de Am\u00e9rica Latina y el Caribe, seleccion\u00f3 al Palacio del Segundo Cabo y la Plaza de la Marqueta entre los ganadores. Por eso viajaron a Buenos Aires dos integrantes de la <strong>Oficina del Historiador de La Habana<\/strong>, el organismo autofinanciado a cargo del rescate de m\u00e1s de 600 conjuntos.<\/p>\n<p>(( Puede consultar el art\u00edculo original en este enlace:\u00a0<a href=\"https:\/\/www.clarin.com\/arq\/arquitectura\/rescate-proteccion-casco-historico-habana_0_Sk0_VWcyM.html\" target=\"_blank\" rel=\"noopener\">https:\/\/www.clarin.com\/arq\/arquitectura\/rescate-proteccion-casco-historico-habana_0_Sk0_VWcyM.html ))<\/a><\/p>\n<p>La ingeniera Tatiana Fern\u00e1ndez de los Santos y la arquitecta Kenia D\u00edaz Santos trabajan en este b\u00fanker que convoca a m\u00e1s de 10 mil profesionales interdisciplinarios, entre arque\u00f3logos, historiadores y arquitectos. \u201cLa Habana Vieja se convirti\u00f3 en una zona compleja socialmente y dif\u00edcil de mantener, por cuestiones de recursos. Pero la estructura urbana est\u00e1 intacta, entonces se logr\u00f3 armar un plan de conservaci\u00f3n. Gracias al director, doctor Eusebio Leal, quien vio una oportunidad sostenible\u201d, destacan las expertas. El mecanismo que implementan consiste en la redistribuci\u00f3n de los ingresos: \u201cEl gobierno permite construcciones hoteleras y gastron\u00f3micas a cambio de que las ganancias se reinviertan en el centro hist\u00f3rico y el mantenimiento de escuelas\u201d, explican.<\/p>\n<p>Un c\u00edrculo en s\u00ed mismo que genera recursos y convoca cada vez a m\u00e1s j\u00f3venes a incorporarse al proyecto. \u201cAntes los cubanos no iban a la Habana Vieja. Pero a partir de la implementaci\u00f3n de circuitos arquitect\u00f3nicos y gu\u00edas para fomentar el turismo interno se revirti\u00f3 la situaci\u00f3n y hoy no dan abasto. Adem\u00e1s, los museos son muy concurridos por chicos, sobre todo cuando las escuelas entran en restauraci\u00f3n, porque las clases se trasladan a estos sitios patrimoniales con el fin de acercarlos a los procesos culturales, y as\u00ed generar pertenencia\u201d, agregan.<\/p>\n<p>Los profesionales de la Oficina se capacitan en Europa y cuentan con apoyo de organismos internacionales para facilitar t\u00e9cnicas y novedades. \u201cLa actualizaci\u00f3n es permanente y toda experiencia es compartida\u201d, subrayan las especialistas. Y explican que una de las preocupaciones reside en las nuevas tecnolog\u00edas:\u201cNo podemos acceder a lo \u00faltimo, pero estamos adelantados con los cursos de formaci\u00f3n profesional; el perfeccionamiento es continuo\u201d.<\/p>\n<div id=\"attachment_23242\" style=\"width: 250px\" class=\"wp-caption alignright\"><img loading=\"lazy\" decoding=\"async\" aria-describedby=\"caption-attachment-23242\" class=\"wp-image-23242 size-medium\" src=\"https:\/\/www.revistazetta.com\/wp-content\/uploads\/2017\/11\/Habana-2-240x300.jpg\" alt=\"\" width=\"240\" height=\"300\" srcset=\"https:\/\/revistazetta.com\/wp-content\/uploads\/2017\/11\/Habana-2-240x300.jpg 240w, https:\/\/revistazetta.com\/wp-content\/uploads\/2017\/11\/Habana-2-117x146.jpg 117w, https:\/\/revistazetta.com\/wp-content\/uploads\/2017\/11\/Habana-2-40x50.jpg 40w, https:\/\/revistazetta.com\/wp-content\/uploads\/2017\/11\/Habana-2-60x75.jpg 60w, https:\/\/revistazetta.com\/wp-content\/uploads\/2017\/11\/Habana-2.jpg 640w\" sizes=\"auto, (max-width: 240px) 100vw, 240px\" \/><p id=\"caption-attachment-23242\" class=\"wp-caption-text\">Preparativos. Un trabajador de restauraci\u00f3n de la oficina del Historiador de La Habana, realiza labores de mantenimiento, de cara al 500 aniversario, en 2019<\/p><\/div>\n<p>En tanto, en La Habana, ya arrancaron los trabajos para rescatar los restos arqueol\u00f3gicos que atestiguan la fundaci\u00f3n de la villa, con miras a crear un complejo muse\u00edstico que esperan est\u00e9 listo para el 16 de noviembre de 2019, el 500 aniversario, n\u00famero redondo. \u00abDentro de dos a\u00f1os La Habana ser\u00e1 como las otras ciudades patrimoniales de Cuba o la isla de la Espa\u00f1ola [Hait\u00ed y Rep\u00fablica Dominicana], una de las ciudades y capitales m\u00e1s antiguas del continente, con un papel preponderante en la historia de la navegaci\u00f3n y la historia de la cultura\u201d, destac\u00f3 el historiador de La Habana, Eusebio Leal.<\/p>\n<p>Con respecto a los premios, las profesionales se manifiestan orgullosas. \u201cEl Palacio del Segundo Cabo es un caso de una sobria y monumental edificaci\u00f3n de finales del siglo XVIII, considerada uno de los mayores exponentes del Barroco cubano\u201d, dicen sobre el edificio construido inicialmente para la Real Casa de Correos. Ubicado en la Plaza de Armas, hoy cumple una funci\u00f3n cultural. \u201cOfrece una novedosa propuesta museogr\u00e1fica apoyada en la tecnolog\u00eda. Este centro cultural interactivo pone a disposici\u00f3n de todos un conocimiento m\u00e1s amplio, instructivo y ameno de la historia y la cultura\u201d, sostienen.<\/p>\n<p>En tanto, la Plaza de la Marqueta corresponde a la restauraci\u00f3n y reutilizaci\u00f3n de la antigua Plaza del Mercado de la ciudad de Holgu\u00edn, establecida en la primera mitad del siglo XIX y reconocida en su momento como un aporte modernizador en el crecimiento urbano. Es una de las 12 plazas que distinguen a este centro urbano, conocido como la Ciudad de los Parques. \u201cLa rehabilitaci\u00f3n de este espacio p\u00fablico tuvo un impacto social y cultural, que se expande al entorno circundante, devolviendo a la ciudad un espacio para el comercio y la cultura, donde confluyen y se entremezclan diversas actividades que mejoran la calidad de vida\u201d, se\u00f1alan Kenia y Tatiana. Y concluyen: \u201cEste plan se concibe como una carta de navegaci\u00f3n, una sumatoria de gesti\u00f3n participativa e instrumentos de planificaci\u00f3n que hagan eficiente la conducci\u00f3n del proceso en su integralidad\u201d.<\/p>\n","protected":false},"excerpt":{"rendered":"<p>(Art\u00edculo publicado por el diario Clar\u00edn, de Buenos Aires, firmado por Vivian Urfeig).- La Habana cumple 498 a\u00f1os de pie. La emblem\u00e1tica capital de Cuba, que super\u00f3 embates de piratas, corsarios y le dio batalla a Irma, el \u00faltimo hurac\u00e1n, se prepara para un festejo especial. De cara al 2019, cuando se celebren 500 a\u00f1os del d\u00eda en que colonizadores espa\u00f1oles fundaron San Crist\u00f3bal de La Habana (16 de noviembre de 1517), el trabajo de restauraci\u00f3n patrimonial acaba de obtener dos premios Gubbio. El certamen, que reconoce a las obras&#8230; <\/p>\n","protected":false},"author":3,"featured_media":23241,"comment_status":"open","ping_status":"closed","sticky":false,"template":"","format":"standard","meta":{"footnotes":"","_links_to":"","_links_to_target":""},"categories":[2,75,36],"tags":[],"class_list":["post-23240","post","type-post","status-publish","format-standard","has-post-thumbnail","hentry","category-actualidad","category-destacada","category-actualidad-mundo"],"_links":{"self":[{"href":"https:\/\/revistazetta.com\/index.php?rest_route=\/wp\/v2\/posts\/23240","targetHints":{"allow":["GET"]}}],"collection":[{"href":"https:\/\/revistazetta.com\/index.php?rest_route=\/wp\/v2\/posts"}],"about":[{"href":"https:\/\/revistazetta.com\/index.php?rest_route=\/wp\/v2\/types\/post"}],"author":[{"embeddable":true,"href":"https:\/\/revistazetta.com\/index.php?rest_route=\/wp\/v2\/users\/3"}],"replies":[{"embeddable":true,"href":"https:\/\/revistazetta.com\/index.php?rest_route=%2Fwp%2Fv2%2Fcomments&post=23240"}],"version-history":[{"count":0,"href":"https:\/\/revistazetta.com\/index.php?rest_route=\/wp\/v2\/posts\/23240\/revisions"}],"wp:featuredmedia":[{"embeddable":true,"href":"https:\/\/revistazetta.com\/index.php?rest_route=\/wp\/v2\/media\/23241"}],"wp:attachment":[{"href":"https:\/\/revistazetta.com\/index.php?rest_route=%2Fwp%2Fv2%2Fmedia&parent=23240"}],"wp:term":[{"taxonomy":"category","embeddable":true,"href":"https:\/\/revistazetta.com\/index.php?rest_route=%2Fwp%2Fv2%2Fcategories&post=23240"},{"taxonomy":"post_tag","embeddable":true,"href":"https:\/\/revistazetta.com\/index.php?rest_route=%2Fwp%2Fv2%2Ftags&post=23240"}],"curies":[{"name":"wp","href":"https:\/\/api.w.org\/{rel}","templated":true}]}}