{"id":23380,"date":"2017-11-29T08:23:44","date_gmt":"2017-11-29T13:23:44","guid":{"rendered":"http:\/\/www.revistazetta.com\/?p=23380"},"modified":"2017-11-29T08:23:44","modified_gmt":"2017-11-29T13:23:44","slug":"piden-elecciones-ya-betancourt-sea-candidato-consenso","status":"publish","type":"post","link":"https:\/\/revistazetta.com\/?p=23380","title":{"rendered":"Piden elecciones ya y que Betancourt sea candidato de consenso"},"content":{"rendered":"<p>El exconcejal Andr\u00e9s Betancourt demostr\u00f3 al fuerza con que inicia su nueva candidatura a la Alcald\u00eda de Cartagena, en caso de ser convocadas elecciones at\u00edpicas tras la renuncia aceptada de Manolo Duque.<\/p>\n<p>Betancourt recibi\u00f3 el respaldo de un grupo de dirigentes que suscribieron nuna proclama en la que le piden al Presidente Santos no dilatar m\u00e1s la convocatoria, y a la vez plantean la candidatura de Betancourt por consenso ciudadano.<\/p>\n<p>La plataforma pol\u00edtica de Andr\u00e9s Betancourt expidi\u00f3 este comunicado:<\/p>\n<p>\u201cM\u00e1s de mil personas residentes en diferentes sectores, suscribieron una proclama mediante la cual demandan del Presidente de la Rep\u00fablica, Juan Manuel Santos, la inmediata convocatoria a elecciones at\u00edpicas para superar la crisis pol\u00edtico-administrativa que padece la ciudad, al tiempo que solicitan al exconcejal Andr\u00e9s Betancourt Gonz\u00e1lez convertirse en candidato de consenso a la Alcald\u00eda.<\/p>\n<p>Bajo el t\u00edtulo \u201cPropuesta de consenso ciudadano por Cartagena\u201d el documento, publicado a trav\u00e9s de redes sociales, insta a los partidos y movimientos pol\u00edticos a anteponer los intereses colectivos por encima de los personales, familiares o grupales, a \u201ccoincidir en torno a una propuesta program\u00e1tica de gobierno y a un candidato que genere confianza ciudadana en materia de eficacia, eficiencia y transparencia administrativa\u201d.<\/p>\n<p>Fundamentan su propuesta en los siguientes t\u00e9rminos: \u201cTeniendo en cuenta sus demostradas capacidades, experiencia, conocimiento de la ciudad y claridad de enfoque sobre el proceso de transformaci\u00f3n que Cartagena necesita, proponemos al ciudadano Andr\u00e9s Betancourt que asuma esa candidatura de consenso, para orientar los destinos de la ciudad en lo que resta del per\u00edodo de gobierno y genere un proceso de cohesi\u00f3n social, centrado en el desarrollo de la ciudad y el bienestar de sus habitantes, como prioridad del poder p\u00fablico local\u201d.<\/p>\n<p>Andr\u00e9s Betancourt agradeci\u00f3 a los firmantes de la proclama su demostraci\u00f3n de confianza, pero dijo que la eventual aceptaci\u00f3n formal a esta iniciativa, que coincide con las formuladas por otros sectores sociales, solo ser\u00e1 decidida una vez se conozca la convocatoria a elecciones por parte del gobierno nacional y la correspondiente reglamentaci\u00f3n de la autoridad electoral.<\/p>\n<p>&nbsp;<\/p>\n<p><strong>GRAN CONSENSO SOCIAL POR CARTAGENA<\/strong><\/p>\n<p>Los abajo firmantes, dirigentes c\u00edvicos, comunales, comunitarios y representantes de organizaciones sociales; bastante preocupados por el presente y futuro de Cartagena de Indias, ante las actuales circunstancias pol\u00edticas y administrativas; queremos hacer parte de la soluci\u00f3n, para lo cual proponemos a todos los partidos y movimientos pol\u00edticos, gremios empresariales, sociales, acad\u00e9micos, sindicales, y en general a toda la ciudadan\u00eda, un Gran Consenso Social Por Cartagena, fundamentado en las siguientes premisas:<\/p>\n<p>1) Instar al gobierno nacional a convocar elecciones at\u00edpicas de inmediato, para que los cartageneros podamos decidir aut\u00f3nomamente en las urnas, el restablecimiento de la institucionalidad democr\u00e1tica y el re-direccionamiento de la Administraci\u00f3n P\u00fablica en funci\u00f3n del bienestar colectivo.<\/p>\n<p>2) Demandar de todos los actores pol\u00edticos, econ\u00f3micos y sociales; la b\u00fasqueda de un Acuerdo Program\u00e1tico que: ponga la sociedad local, m\u00e1s all\u00e1 de los intereses personales, familiares o grupales, reencuentre a la ciudad con la senda del desarrollo, la equidad, la justicia social y la \u00e9tica, y genere confianza entre los ciudadanos, alrededor de la eficacia, eficiencia, efectividad y transparencia administrativa.<\/p>\n<p>3) Concertar la uni\u00f3n de esfuerzos y voluntades en torno a una propuesta program\u00e1tica sobre acciones puntuales y urgentes que necesita nuestro Distrito especial, comenzando por el rescate del liderazgo, la gobernabilidad y la autoridad institucional.<\/p>\n<p>4) En este sentido, pedimos al ciudadano, ANDR\u00c9S BETANCOURT GONZ\u00c1LEZ que asuma el reto de liderar el momento actual, teniendo en cuenta su demostrada sensibilidad social, capacidades, experiencia, compromiso y claridad de enfoque sobre el proceso de transformaci\u00f3n que la ciudad requiere, y acepte la candidatura a la Alcald\u00eda Distrital, con el m\u00e1s amplio consenso posible, para reorientar los destinos y liderar el restablecimiento de la credibilidad y la confianza ciudadana con el ejercicio de Buen Gobierno, por la dignidad de Cartagena de Indias.<\/p>\n<p>Para constancia, firmamos la presente en Cartagena de Indias, el 24 de nov de 2017<\/p>\n<p>Benjam\u00edn Maza Buelvas<\/p>\n<p>Edilberto Licona Buelvas<\/p>\n<p>Mario Mendoza Cantillo<\/p>\n<p>Manuel Enrique Rohenes<\/p>\n<p>\u00c1lvaro Venecia Carrillo<\/p>\n<p>Ram\u00f3n Paternina Br\u00fa<\/p>\n<p>Manuel Nieto Castro<\/p>\n<p>V\u00edctor G\u00f3mez Cajar<\/p>\n<p>Aniano Morales Blanco<\/p>\n<p>Nilson Ahumedo<\/p>\n<p>Javier G\u00f3mez<\/p>\n<p>Juan Le\u00f3n<\/p>\n<p>David Gamarra<\/p>\n<p>Jos\u00e9 Orozco<\/p>\n<p>Dalgys Ram\u00edrez<\/p>\n<p>Arcelio Argel<\/p>\n<p>Jorge Taj\u00e1n<\/p>\n<p>Andr\u00e9s P\u00e9rez<\/p>\n<p>Y siguen firmas\u2026<\/p>\n","protected":false},"excerpt":{"rendered":"<p>El exconcejal Andr\u00e9s Betancourt demostr\u00f3 al fuerza con que inicia su nueva candidatura a la Alcald\u00eda de Cartagena, en caso de ser convocadas elecciones at\u00edpicas tras la renuncia aceptada de Manolo Duque. Betancourt recibi\u00f3 el respaldo de un grupo de dirigentes que suscribieron nuna proclama en la que le piden al Presidente Santos no dilatar m\u00e1s la convocatoria, y a la vez plantean la candidatura de Betancourt por consenso ciudadano. La plataforma pol\u00edtica de Andr\u00e9s Betancourt expidi\u00f3 este comunicado: \u201cM\u00e1s de mil personas residentes en diferentes sectores, suscribieron una proclama&#8230; <\/p>\n","protected":false},"author":3,"featured_media":23381,"comment_status":"open","ping_status":"closed","sticky":false,"template":"","format":"standard","meta":{"footnotes":"","_links_to":"","_links_to_target":""},"categories":[75,4],"tags":[],"class_list":["post-23380","post","type-post","status-publish","format-standard","has-post-thumbnail","hentry","category-destacada","category-politica"],"_links":{"self":[{"href":"https:\/\/revistazetta.com\/index.php?rest_route=\/wp\/v2\/posts\/23380","targetHints":{"allow":["GET"]}}],"collection":[{"href":"https:\/\/revistazetta.com\/index.php?rest_route=\/wp\/v2\/posts"}],"about":[{"href":"https:\/\/revistazetta.com\/index.php?rest_route=\/wp\/v2\/types\/post"}],"author":[{"embeddable":true,"href":"https:\/\/revistazetta.com\/index.php?rest_route=\/wp\/v2\/users\/3"}],"replies":[{"embeddable":true,"href":"https:\/\/revistazetta.com\/index.php?rest_route=%2Fwp%2Fv2%2Fcomments&post=23380"}],"version-history":[{"count":0,"href":"https:\/\/revistazetta.com\/index.php?rest_route=\/wp\/v2\/posts\/23380\/revisions"}],"wp:featuredmedia":[{"embeddable":true,"href":"https:\/\/revistazetta.com\/index.php?rest_route=\/wp\/v2\/media\/23381"}],"wp:attachment":[{"href":"https:\/\/revistazetta.com\/index.php?rest_route=%2Fwp%2Fv2%2Fmedia&parent=23380"}],"wp:term":[{"taxonomy":"category","embeddable":true,"href":"https:\/\/revistazetta.com\/index.php?rest_route=%2Fwp%2Fv2%2Fcategories&post=23380"},{"taxonomy":"post_tag","embeddable":true,"href":"https:\/\/revistazetta.com\/index.php?rest_route=%2Fwp%2Fv2%2Ftags&post=23380"}],"curies":[{"name":"wp","href":"https:\/\/api.w.org\/{rel}","templated":true}]}}