{"id":23384,"date":"2017-11-29T08:52:35","date_gmt":"2017-11-29T13:52:35","guid":{"rendered":"http:\/\/www.revistazetta.com\/?p=23384"},"modified":"2017-11-29T08:52:35","modified_gmt":"2017-11-29T13:52:35","slug":"orbita-politica-john-zamora-miercoles-29-noviembre","status":"publish","type":"post","link":"https:\/\/revistazetta.com\/?p=23384","title":{"rendered":"\u00d3rbita Pol\u00edtica de John Zamora \u2013 mi\u00e9rcoles 29 de noviembre"},"content":{"rendered":"<p><strong>Jacobo Fonseca cantar\u00e1 ahora en la Asamblea Departamental<\/strong><\/p>\n<p>El cantante vallenato Jacobo Fonseca fue elegido nuevo secretario de la Asamblea Departamental de Bol\u00edvar, acorde con los acuerdos pol\u00edticos que desde dos semanas hab\u00edan sellado la decisi\u00f3n.<\/p>\n<p>Adem\u00e1s de su reconocida actividad musical, Fonseca tambi\u00e9n es abogado especialista en gerencia empresarial, con experiencia en cargos de elecci\u00f3n popular ya que fue edil de la comuna No. 1 entre los a\u00f1os 2001 y 2003 y edil de la localidad Hist\u00f3rica y del Caribe Norte entre 2004 y 2007, de la ciudad de Cartagena.<\/p>\n<p>En su carrera por el cargo, la lista de elegibles tambi\u00e9n qued\u00f3 conformada por el administrador de empresas Emmanuel Vergara Mart\u00ednez, el economista Humberto Guzm\u00e1n Stave y el abogado Dulfry Mart\u00ednez Ca\u00f1ate; quienes obtuvieron los puntajes m\u00e1s altos, tras la presentaci\u00f3n de la prueba de conocimiento, la verificaci\u00f3n de sus hojas de vida y la entrevista con la mesa directiva de la corporaci\u00f3n.<\/p>\n<p>La plenaria eligi\u00f3 con un total de 13 votos posibles a Manuel Jacobo Fonseca Avenda\u00f1o, quien es<\/p>\n<p>El secretario general electo consider\u00f3 esta nueva labor como un reto que asumir\u00e1 con profesionalismo, trabajando mancomunadamente con los diputados por toda la corporaci\u00f3n, como un aliado estrat\u00e9gico en todo lo que la corporaci\u00f3n priorice.<\/p>\n<p>&nbsp;<\/p>\n<p><strong>En el gabinete de Bol\u00edvar<\/strong><\/p>\n<p>La prontitud y diligencia con que ejecuta sus actividades es uno de los talentos que m\u00e1s aprecia el gobernador de Bol\u00edvar, Dumek Turbay, en el comandante de Polic\u00eda Bol\u00edvar, coronel V\u00edctor Hugo G\u00f3mez, a quien considera como miembro de su gabinete, y a quien le pide que le acompa\u00f1e en sus permanentes visitas a todos los rincones del Departamento. El coronel es de esos trabajadores 24 horas, siempre dispuestos, otra de las virtudes que destaca el gobernante.<\/p>\n<p>&nbsp;<\/p>\n<p><strong>Sali\u00f3 del garaje<\/strong><\/p>\n<p>Cuando Campo El\u00edas Ter\u00e1n era el gran favorito para ganar las elecciones para Alcald\u00eda y se necesit\u00f3 un aval, de repente, qui\u00e9n sabe de d\u00f3nde, apareci\u00f3 un partido pol\u00edtico llamado ASI\u2026<\/p>\n<p>Despu\u00e9s se volvi\u00f3 a saber en otras elecciones, cuando lleg\u00f3 a dar avales\u2026<\/p>\n<p>Ahora se volvi\u00f3 a saber de esta esta organizaci\u00f3n, pidiendo elecciones at\u00edpicas inmediatas para Cartagena\u2026 de pronto est\u00e1n listos para expedir otro aval ganador\u2026<\/p>\n<p>Entre tanto, nunca se supo que hicieran gesti\u00f3n alguna por la ciudad, ni pronunciamiento por ning\u00fan motivo, ni nada\u2026 Ese es el problema de tener el carro en el garaje y solo salir a pasear el d\u00eda de las elecciones\u2026<\/p>\n<p>&nbsp;<\/p>\n<p>&nbsp;<\/p>\n<p>&nbsp;<\/p>\n<p>&nbsp;<\/p>\n","protected":false},"excerpt":{"rendered":"<p>Jacobo Fonseca cantar\u00e1 ahora en la Asamblea Departamental El cantante vallenato Jacobo Fonseca fue elegido nuevo secretario de la Asamblea Departamental de Bol\u00edvar, acorde con los acuerdos pol\u00edticos que desde dos semanas hab\u00edan sellado la decisi\u00f3n. Adem\u00e1s de su reconocida actividad musical, Fonseca tambi\u00e9n es abogado especialista en gerencia empresarial, con experiencia en cargos de elecci\u00f3n popular ya que fue edil de la comuna No. 1 entre los a\u00f1os 2001 y 2003 y edil de la localidad Hist\u00f3rica y del Caribe Norte entre 2004 y 2007, de la ciudad de&#8230; <\/p>\n","protected":false},"author":3,"featured_media":23385,"comment_status":"open","ping_status":"closed","sticky":false,"template":"","format":"standard","meta":{"footnotes":"","_links_to":"","_links_to_target":""},"categories":[75,47,44,45],"tags":[],"class_list":["post-23384","post","type-post","status-publish","format-standard","has-post-thumbnail","hentry","category-destacada","category-john-zamora","category-materiagris","category-orbita"],"_links":{"self":[{"href":"https:\/\/revistazetta.com\/index.php?rest_route=\/wp\/v2\/posts\/23384","targetHints":{"allow":["GET"]}}],"collection":[{"href":"https:\/\/revistazetta.com\/index.php?rest_route=\/wp\/v2\/posts"}],"about":[{"href":"https:\/\/revistazetta.com\/index.php?rest_route=\/wp\/v2\/types\/post"}],"author":[{"embeddable":true,"href":"https:\/\/revistazetta.com\/index.php?rest_route=\/wp\/v2\/users\/3"}],"replies":[{"embeddable":true,"href":"https:\/\/revistazetta.com\/index.php?rest_route=%2Fwp%2Fv2%2Fcomments&post=23384"}],"version-history":[{"count":0,"href":"https:\/\/revistazetta.com\/index.php?rest_route=\/wp\/v2\/posts\/23384\/revisions"}],"wp:featuredmedia":[{"embeddable":true,"href":"https:\/\/revistazetta.com\/index.php?rest_route=\/wp\/v2\/media\/23385"}],"wp:attachment":[{"href":"https:\/\/revistazetta.com\/index.php?rest_route=%2Fwp%2Fv2%2Fmedia&parent=23384"}],"wp:term":[{"taxonomy":"category","embeddable":true,"href":"https:\/\/revistazetta.com\/index.php?rest_route=%2Fwp%2Fv2%2Fcategories&post=23384"},{"taxonomy":"post_tag","embeddable":true,"href":"https:\/\/revistazetta.com\/index.php?rest_route=%2Fwp%2Fv2%2Ftags&post=23384"}],"curies":[{"name":"wp","href":"https:\/\/api.w.org\/{rel}","templated":true}]}}