{"id":23421,"date":"2017-12-07T07:04:52","date_gmt":"2017-12-07T12:04:52","guid":{"rendered":"http:\/\/www.revistazetta.com\/?p=23421"},"modified":"2017-12-07T07:04:52","modified_gmt":"2017-12-07T12:04:52","slug":"plan-maestro-educacion-eje-del-foro-educativo-distrital","status":"publish","type":"post","link":"https:\/\/revistazetta.com\/?p=23421","title":{"rendered":"Plan Maestro de Educaci\u00f3n, eje del Foro Educativo Distrital"},"content":{"rendered":"<p class=\"m_-2337254999735152374gmail-MsoNormal\">Una revisi\u00f3n aterrizada de las cifras que deja el 2017 en materia educativa, la prospecci\u00f3n para el 2018, y los avances en la formulaci\u00f3n del Plan Maestro de Educaci\u00f3n, son los t\u00f3picos principales del Foro Educativo Distrital, que se cumplir\u00e1 el pr\u00f3ximo martes 12 de diciembre.<\/p>\n<p class=\"m_-2337254999735152374gmail-MsoNormal\">El coliseo del colegio Biffi es el lugar escogido para esta cita cumbre de la dirigencia educativa de Cartagena, donde se har\u00e1 especial \u00e9nfasis en la pol\u00edtica p\u00fablica educativa y las metas que se deben obtener en el marco del Plan Maestro, que ser\u00e1 presentado al Concejo Distrital para su an\u00e1lisis y aprobaci\u00f3n final, con miras a tener esta ruta a 15 a\u00f1os.<\/p>\n<p class=\"m_-2337254999735152374gmail-MsoNormal\">El Foro Educativo Distrital est\u00e1 convocando a toda la comunidad educativa de Cartagena a que participe con sus aportes y visiones a esta construcci\u00f3n colectiva, en el prop\u00f3sito de que sea un <span lang=\"ES-TRAD\">encuentro para reflexionar y conversar sobre el futuro de la educaci\u00f3n en Cartagena y sumar sue\u00f1os y acciones que conduzcan a m\u00e1s y mejor educaci\u00f3n para ni\u00f1as, ni\u00f1os, j\u00f3venes y adultos de nuestra ciudad.<\/span><\/p>\n<p class=\"m_-2337254999735152374gmail-MsoNormal\"><span lang=\"ES-TRAD\">El evento se realizar\u00e1 en el Coliseo del Colegio Biffi,<a name=\"m_-2337254999735152374_m_3633463920139126511__GoBack\"><\/a>\u00a0el d\u00eda martes 12 de Diciembre del presente a\u00f1o, con esta agenda:<\/span><\/p>\n<p class=\"m_-2337254999735152374gmail-MsoNormal\"><span lang=\"ES-TRAD\">7:30\u00a0\u00a0 a\u00a0\u00a0 8:15am:\u00a0\u00a0\u00a0\u00a0\u00a0 Registro de asistentes y bienvenida musical<\/span><\/p>\n<p class=\"m_-2337254999735152374gmail-MsoNormal\"><span lang=\"ES-TRAD\">8:15\u00a0\u00a0 a\u00a0\u00a0 8:25am:\u00a0\u00a0\u00a0\u00a0\u00a0 Himnos de Colombia y Cartagena<\/span><\/p>\n<p class=\"m_-2337254999735152374gmail-MsoNormal\"><span lang=\"ES-TRAD\">8:25\u00a0\u00a0 a\u00a0\u00a0 8:40am:\u00a0\u00a0\u00a0\u00a0\u00a0 Palabras del Se\u00f1or Alcalde de Cartagena<\/span><\/p>\n<p class=\"m_-2337254999735152374gmail-MsoNormal\"><span lang=\"ES-TRAD\">8:40\u00a0\u00a0 a\u00a0\u00a0 9:45am:\u00a0\u00a0\u00a0\u00a0\u00a0 Presentaci\u00f3n avances del Plan Maestro de Educaci\u00f3n<\/span><\/p>\n<p class=\"m_-2337254999735152374gmail-MsoNormal\"><span lang=\"ES-TRAD\">9:45\u00a0\u00a0 a 11:00am:\u00a0\u00a0\u00a0\u00a0\u00a0 Conversatorio sobre el Plan Maestro de Educaci\u00f3n<\/span><\/p>\n<p class=\"m_-2337254999735152374gmail-MsoNormal\"><span lang=\"ES-TRAD\">11:00 a 11:10am:\u00a0\u00a0\u00a0\u00a0\u00a0 Palabras del Se\u00f1or Secretario de Educaci\u00f3n<\/span><\/p>\n<p class=\"m_-2337254999735152374gmail-MsoNormal\"><span lang=\"ES-TRAD\">11:10 a 11:40am:\u00a0\u00a0\u00a0\u00a0\u00a0 Brindis y presentaci\u00f3n de la Orquesta Estudiantil \u00a1Uy que nota!<\/span><\/p>\n<div class=\"yj6qo ajU\"><\/div>\n","protected":false},"excerpt":{"rendered":"<p>Una revisi\u00f3n aterrizada de las cifras que deja el 2017 en materia educativa, la prospecci\u00f3n para el 2018, y los avances en la formulaci\u00f3n del Plan Maestro de Educaci\u00f3n, son los t\u00f3picos principales del Foro Educativo Distrital, que se cumplir\u00e1 el pr\u00f3ximo martes 12 de diciembre. El coliseo del colegio Biffi es el lugar escogido para esta cita cumbre de la dirigencia educativa de Cartagena, donde se har\u00e1 especial \u00e9nfasis en la pol\u00edtica p\u00fablica educativa y las metas que se deben obtener en el marco del Plan Maestro, que ser\u00e1&#8230; <\/p>\n","protected":false},"author":3,"featured_media":0,"comment_status":"open","ping_status":"closed","sticky":false,"template":"","format":"standard","meta":{"footnotes":"","_links_to":"","_links_to_target":""},"categories":[2,75],"tags":[],"class_list":["post-23421","post","type-post","status-publish","format-standard","hentry","category-actualidad","category-destacada"],"_links":{"self":[{"href":"https:\/\/revistazetta.com\/index.php?rest_route=\/wp\/v2\/posts\/23421","targetHints":{"allow":["GET"]}}],"collection":[{"href":"https:\/\/revistazetta.com\/index.php?rest_route=\/wp\/v2\/posts"}],"about":[{"href":"https:\/\/revistazetta.com\/index.php?rest_route=\/wp\/v2\/types\/post"}],"author":[{"embeddable":true,"href":"https:\/\/revistazetta.com\/index.php?rest_route=\/wp\/v2\/users\/3"}],"replies":[{"embeddable":true,"href":"https:\/\/revistazetta.com\/index.php?rest_route=%2Fwp%2Fv2%2Fcomments&post=23421"}],"version-history":[{"count":0,"href":"https:\/\/revistazetta.com\/index.php?rest_route=\/wp\/v2\/posts\/23421\/revisions"}],"wp:attachment":[{"href":"https:\/\/revistazetta.com\/index.php?rest_route=%2Fwp%2Fv2%2Fmedia&parent=23421"}],"wp:term":[{"taxonomy":"category","embeddable":true,"href":"https:\/\/revistazetta.com\/index.php?rest_route=%2Fwp%2Fv2%2Fcategories&post=23421"},{"taxonomy":"post_tag","embeddable":true,"href":"https:\/\/revistazetta.com\/index.php?rest_route=%2Fwp%2Fv2%2Ftags&post=23421"}],"curies":[{"name":"wp","href":"https:\/\/api.w.org\/{rel}","templated":true}]}}