{"id":23426,"date":"2017-12-07T07:59:51","date_gmt":"2017-12-07T12:59:51","guid":{"rendered":"http:\/\/www.revistazetta.com\/?p=23426"},"modified":"2017-12-07T07:59:51","modified_gmt":"2017-12-07T12:59:51","slug":"este-7-diciembre-se-enciende-alumbrado-navideno-cartagena","status":"publish","type":"post","link":"https:\/\/revistazetta.com\/?p=23426","title":{"rendered":"Este 7 de diciembre se enciende el alumbrado navide\u00f1o de Cartagena"},"content":{"rendered":"<p><img loading=\"lazy\" decoding=\"async\" class=\"alignright size-medium wp-image-23428\" src=\"https:\/\/www.revistazetta.com\/wp-content\/uploads\/2017\/12\/2017-12-06-PHOTO-00000025-300x188.jpg\" alt=\"\" width=\"300\" height=\"188\" srcset=\"https:\/\/revistazetta.com\/wp-content\/uploads\/2017\/12\/2017-12-06-PHOTO-00000025-300x188.jpg 300w, https:\/\/revistazetta.com\/wp-content\/uploads\/2017\/12\/2017-12-06-PHOTO-00000025-234x146.jpg 234w, https:\/\/revistazetta.com\/wp-content\/uploads\/2017\/12\/2017-12-06-PHOTO-00000025-50x31.jpg 50w, https:\/\/revistazetta.com\/wp-content\/uploads\/2017\/12\/2017-12-06-PHOTO-00000025-120x75.jpg 120w, https:\/\/revistazetta.com\/wp-content\/uploads\/2017\/12\/2017-12-06-PHOTO-00000025.jpg 896w\" sizes=\"auto, (max-width: 300px) 100vw, 300px\" \/>Con el encendido en cinco puntos estrat\u00e9gicos en diferentes partes de la ciudad, se prende la luz de esperanza del esp\u00edritu navide\u00f1o en Cartagena.<\/p>\n<p>A las 7:00 pm., en Los Caracoles, en el Parque de Los Cabrera, el alcalde (e ) Sergio Londo\u00f1o, dar\u00e1 inicio al alumbrado de ese sector de la ciudad, en un conteo regresivo.<\/p>\n<p>De all\u00ed se dar\u00e1 paso al parque Las Pilanderas en El Poz\u00f3n, donde la gestora Social del Distrito, Teremar Londo\u00f1o, un grupo de ciudadanos y l\u00edderes del sector ser\u00e1n los encargados de hacer el conteo que llenar\u00e1 del esp\u00edritu navide\u00f1o a este barrio.<\/p>\n<p>De all\u00ed la luz de la esperanza se va a San Francisco, donde la recibe Cecilia Baena con su familia y ellos en coro con la comunidad dar\u00e1n por iniciado el encendido en el parque principal.<\/p>\n<p>Luego la luz se va a la Plaza de la Trinidad, en Getseman\u00ed, donde los encargados de motivar este encendido de luces ser\u00e1n nuestros lanceros de las Fiestas de Independencia.<\/p>\n<p>Este recorrido de la luz de la esperanza termina en la Plaza de La Aduana, donde el Alcalde, cartageneros y visitantes encender\u00e1n una estrella fugaz que simboliza una motivaci\u00f3n para seguir luchando y a no rendirse.<\/p>\n<p>En todos los puntos se instar\u00e1n pantallas, para que, desde que inicia el encendido la gente pueda ver en los cinco puntos elegidos y los que no, a trav\u00e9s de su celular o desde cualquier lugar a trav\u00e9s de facebook live de la Alcald\u00eda de Cartagena, esta fiesta navide\u00f1a.<\/p>\n<p>Este a\u00f1o la campa\u00f1a est\u00e1 inspirada en una luz de esperanza para los cartageneros. Todos los motivos en el Centro, por ejemplo, tienen colores sobrios como el azul y el blanco.<\/p>\n<p>En los barrios tendr\u00e1 un poco de m\u00e1s color para que los ni\u00f1os interact\u00faen con la iluminaci\u00f3n, con los personajes tradicionales de estas fechas y con los t\u00faneles de luz.<\/p>\n<p>El parque de La Marina tiene un barco, La Tenaza un \u00e1rbol y un reno, y la avenida Santander figuras con luces que le dan la bienvenida a quienes nos visitan.<\/p>\n<p>Los espacios, que contar\u00e1n con iluminaci\u00f3n navide\u00f1a son: Catedral, Calle 34 Ruta 5, Estaciones De Transcaribe, Puente Rom\u00e1n, Plaza De Estudiantes, Calle 36 Ruta 3, Santa Catalina, Separador Vial, Round Point Av. Santander, Muelle de Los Pegasos, Parque San Diego, Carrera 7 Ruta 4, Puerto Duro, El Amparo, Avenida Venezuela, Parque Sim\u00f3n Bol\u00edvar, Parque Mar\u00eda Mulata, Paseo de Manga, Parque Fern\u00e1ndez de Madrid, Parque Lineal de Crespo, Avenida Blas de Lezo, Avenida San Mart\u00edn, Calle Santa Teresa, Villa Ol\u00edmpica, Teatro Heredia, Calle Larga, Paseo Bocagrande, Parque Centenario, Parque de San Francisco, Estaci\u00f3n Portal Transcaribe, Ruta Desde La Catedral Hasta El Teatro Heredia, Parque de Olaya Herrera, Plaza de La Trinidad, Camell\u00f3n de Los M\u00e1rtires, Blas de Lezo, Parque de Las Pilanderas en El Poz\u00f3n, Avenida Santander, Bah\u00eda, Torre del Reloj, Plaza de La Aduana y Parque de La Marina<\/p>\n<p>La lista de patrocinadores es la siguiente: Acuacar, A&amp;G, Abocol, AGM, Amarilo, Argos, Av Villas, Banco de Bogot\u00e1, Banco Popular, BBVA, C\u00e1mara de Comercio, Cayao, Colpatria, Concesi\u00f3n de AP, Coorserpark, Coosalud, Coremar, CURN, Davivienda, Fundaci\u00f3n Mamonal, Essentia, Gesti\u00f3n Salud, Marval, Oncor, Ospinas, Pacific Infra, Promoambiental del Caribe y Circulemos, Rayco, Reficar, Sacsa, Surtigas, Serena del Mar, Serrezuela, Sociedad Portuaria, Saab Miller, SuperGiros, Tecnoglass TermoCandelaria, TIGO y Urbaser.<\/p>\n","protected":false},"excerpt":{"rendered":"<p>Con el encendido en cinco puntos estrat\u00e9gicos en diferentes partes de la ciudad, se prende la luz de esperanza del esp\u00edritu navide\u00f1o en Cartagena. A las 7:00 pm., en Los Caracoles, en el Parque de Los Cabrera, el alcalde (e ) Sergio Londo\u00f1o, dar\u00e1 inicio al alumbrado de ese sector de la ciudad, en un conteo regresivo. De all\u00ed se dar\u00e1 paso al parque Las Pilanderas en El Poz\u00f3n, donde la gestora Social del Distrito, Teremar Londo\u00f1o, un grupo de ciudadanos y l\u00edderes del sector ser\u00e1n los encargados de hacer&#8230; <\/p>\n","protected":false},"author":3,"featured_media":23427,"comment_status":"open","ping_status":"closed","sticky":false,"template":"","format":"standard","meta":{"footnotes":"","_links_to":"","_links_to_target":""},"categories":[75,85,32],"tags":[],"class_list":["post-23426","post","type-post","status-publish","format-standard","has-post-thumbnail","hentry","category-destacada","category-cartagena","category-actualidad-distrito"],"_links":{"self":[{"href":"https:\/\/revistazetta.com\/index.php?rest_route=\/wp\/v2\/posts\/23426","targetHints":{"allow":["GET"]}}],"collection":[{"href":"https:\/\/revistazetta.com\/index.php?rest_route=\/wp\/v2\/posts"}],"about":[{"href":"https:\/\/revistazetta.com\/index.php?rest_route=\/wp\/v2\/types\/post"}],"author":[{"embeddable":true,"href":"https:\/\/revistazetta.com\/index.php?rest_route=\/wp\/v2\/users\/3"}],"replies":[{"embeddable":true,"href":"https:\/\/revistazetta.com\/index.php?rest_route=%2Fwp%2Fv2%2Fcomments&post=23426"}],"version-history":[{"count":0,"href":"https:\/\/revistazetta.com\/index.php?rest_route=\/wp\/v2\/posts\/23426\/revisions"}],"wp:featuredmedia":[{"embeddable":true,"href":"https:\/\/revistazetta.com\/index.php?rest_route=\/wp\/v2\/media\/23427"}],"wp:attachment":[{"href":"https:\/\/revistazetta.com\/index.php?rest_route=%2Fwp%2Fv2%2Fmedia&parent=23426"}],"wp:term":[{"taxonomy":"category","embeddable":true,"href":"https:\/\/revistazetta.com\/index.php?rest_route=%2Fwp%2Fv2%2Fcategories&post=23426"},{"taxonomy":"post_tag","embeddable":true,"href":"https:\/\/revistazetta.com\/index.php?rest_route=%2Fwp%2Fv2%2Ftags&post=23426"}],"curies":[{"name":"wp","href":"https:\/\/api.w.org\/{rel}","templated":true}]}}