{"id":23430,"date":"2017-12-09T09:19:00","date_gmt":"2017-12-09T14:19:00","guid":{"rendered":"http:\/\/www.revistazetta.com\/?p=23430"},"modified":"2017-12-09T09:19:00","modified_gmt":"2017-12-09T14:19:00","slug":"la-esperanza-la-navidad-ilumina-cartagena","status":"publish","type":"post","link":"https:\/\/revistazetta.com\/?p=23430","title":{"rendered":"La esperanza de la navidad ilumina a Cartagena"},"content":{"rendered":"<p><img loading=\"lazy\" decoding=\"async\" class=\"alignright size-medium wp-image-23432\" src=\"https:\/\/www.revistazetta.com\/wp-content\/uploads\/2017\/12\/navidad4-300x200.jpg\" alt=\"\" width=\"300\" height=\"200\" srcset=\"https:\/\/revistazetta.com\/wp-content\/uploads\/2017\/12\/navidad4-300x200.jpg 300w, https:\/\/revistazetta.com\/wp-content\/uploads\/2017\/12\/navidad4-1024x682.jpg 1024w, https:\/\/revistazetta.com\/wp-content\/uploads\/2017\/12\/navidad4-219x146.jpg 219w, https:\/\/revistazetta.com\/wp-content\/uploads\/2017\/12\/navidad4-50x33.jpg 50w, https:\/\/revistazetta.com\/wp-content\/uploads\/2017\/12\/navidad4-113x75.jpg 113w, https:\/\/revistazetta.com\/wp-content\/uploads\/2017\/12\/navidad4.jpg 1280w\" sizes=\"auto, (max-width: 300px) 100vw, 300px\" \/>El tradicional barrio de Los Caracoles fue el primer escenario que dio inicio al alumbrado navide\u00f1o de la ciudad, que este a\u00f1o simboliza la esperanza que deben tener los cartageneros para no rendirse.<\/p>\n<p>El alcalde (e ), Sergio Londo\u00f1o, la gestora social, Teremar Londo\u00f1o, deportistas insignias, los lanceros de las Fiestas de Independencia Piedad P\u00e9rez y Lester Gonz\u00e1lez, fueron los encargados de hacer el conteo del encendido en diferentes puntos de la ciudad y que de paso llev\u00f3 la luz de la ruta de la esperanza a los 45 puntos que cuentan con iluminaci\u00f3n navide\u00f1a en el proyecto Ilumina Cartagena.<\/p>\n<p>En el parque de Los Caracoles, las figuras navide\u00f1as se encendieron en un acto presidido por el alcalde ( e ), Sergio Londo\u00f1o Zurek, que cont\u00f3 con la presencia masiva de la comunidad.<\/p>\n<p>\u201cEsta luces simbolizan la esperanza. Nuestro llamado a los padres de familia en esta temporada es que cuiden a sus hijos para que no tengan accidentes y que en esta Navidad reine el amor y la esperanza en sus hogares\u201d, dijo el alcalde Sergio Londo\u00f1o.<\/p>\n<p>Al conteo de 5 en cuenta regresiva se prendieron las luces de esperanza de esta comunidad, que despu\u00e9s le dieron paso a la gestora social, Teremar Londo\u00f1o, quien en el parque de Las Pilanderas del barrio El Poz\u00f3n, fue la encargada de hacer el conteo que dio paso a la iluminaron en ese punto.<\/p>\n<p>En San Francisco el encargado de liderar ese conteo fue Giovany Urshela, quien fue el encargado de dar inicio al alumbrado de ese parque, que est\u00e1 adornado con figuras de \u00e1rbol de navidad, regalos, renos, y trineo.<\/p>\n<p>La ruta de luz de la esperanza que ilumina a Cartagena tambi\u00e9n lleg\u00f3 a la Plaza de la Trinidad en Getseman\u00ed, donde los lanceros Piedad P\u00e9rez y Lester Gonz\u00e1lez hicieron el conteo regresivo para encender el \u00e1rbol gigante, la estrella, las palmeras y las luces que adornan en este emblem\u00e1tico sitio.<\/p>\n<p>El \u00faltimo punto de los cinco estrat\u00e9gicos fue el de la Plaza de la Aduana, donde hay una estrella fugaz que simboliza ese deseo de luz y esperanza para iluminar a los cartageneros.<\/p>\n<p>El alcalde Sergio Londo\u00f1o, y la gestora Social, Teremar Londo\u00f1o invitan a los cartageneros y visitantes a que disfruten de los sitios decorados con iluminaci\u00f3n navide\u00f1a gracias al apoyo de la empresa privada.<\/p>\n<p>\u201cEste alumbrado, lleno de estrellas, simboliza el deseo y la esperanza de los cartageneros por tener una mejor ciudad\u201d, indic\u00f3 Teremar Londo\u00f1o al tiempo que felicit\u00f3 a los moradores del Poz\u00f3n por su excelente comportamiento por el encendido del alumbrado.<\/p>\n<p>Maricela L\u00f3pez, una cartagenera de pura cepa, celebr\u00f3 el alumbrado navide\u00f1o porque se convertir\u00e1 en otro atractivo para propios y extra\u00f1os.<\/p>\n","protected":false},"excerpt":{"rendered":"<p>El tradicional barrio de Los Caracoles fue el primer escenario que dio inicio al alumbrado navide\u00f1o de la ciudad, que este a\u00f1o simboliza la esperanza que deben tener los cartageneros para no rendirse. El alcalde (e ), Sergio Londo\u00f1o, la gestora social, Teremar Londo\u00f1o, deportistas insignias, los lanceros de las Fiestas de Independencia Piedad P\u00e9rez y Lester Gonz\u00e1lez, fueron los encargados de hacer el conteo del encendido en diferentes puntos de la ciudad y que de paso llev\u00f3 la luz de la ruta de la esperanza a los 45 puntos&#8230; <\/p>\n","protected":false},"author":3,"featured_media":23431,"comment_status":"open","ping_status":"closed","sticky":false,"template":"","format":"standard","meta":{"footnotes":"","_links_to":"","_links_to_target":""},"categories":[32,86],"tags":[],"class_list":["post-23430","post","type-post","status-publish","format-standard","has-post-thumbnail","hentry","category-actualidad-distrito","category-comunidad"],"_links":{"self":[{"href":"https:\/\/revistazetta.com\/index.php?rest_route=\/wp\/v2\/posts\/23430","targetHints":{"allow":["GET"]}}],"collection":[{"href":"https:\/\/revistazetta.com\/index.php?rest_route=\/wp\/v2\/posts"}],"about":[{"href":"https:\/\/revistazetta.com\/index.php?rest_route=\/wp\/v2\/types\/post"}],"author":[{"embeddable":true,"href":"https:\/\/revistazetta.com\/index.php?rest_route=\/wp\/v2\/users\/3"}],"replies":[{"embeddable":true,"href":"https:\/\/revistazetta.com\/index.php?rest_route=%2Fwp%2Fv2%2Fcomments&post=23430"}],"version-history":[{"count":0,"href":"https:\/\/revistazetta.com\/index.php?rest_route=\/wp\/v2\/posts\/23430\/revisions"}],"wp:featuredmedia":[{"embeddable":true,"href":"https:\/\/revistazetta.com\/index.php?rest_route=\/wp\/v2\/media\/23431"}],"wp:attachment":[{"href":"https:\/\/revistazetta.com\/index.php?rest_route=%2Fwp%2Fv2%2Fmedia&parent=23430"}],"wp:term":[{"taxonomy":"category","embeddable":true,"href":"https:\/\/revistazetta.com\/index.php?rest_route=%2Fwp%2Fv2%2Fcategories&post=23430"},{"taxonomy":"post_tag","embeddable":true,"href":"https:\/\/revistazetta.com\/index.php?rest_route=%2Fwp%2Fv2%2Ftags&post=23430"}],"curies":[{"name":"wp","href":"https:\/\/api.w.org\/{rel}","templated":true}]}}