{"id":23445,"date":"2017-12-11T21:19:48","date_gmt":"2017-12-12T02:19:48","guid":{"rendered":"http:\/\/www.revistazetta.com\/?p=23445"},"modified":"2017-12-11T21:19:48","modified_gmt":"2017-12-12T02:19:48","slug":"electricaribe-lleva-cine-comunitario-barrios-cartagena","status":"publish","type":"post","link":"https:\/\/revistazetta.com\/?p=23445","title":{"rendered":"Electricaribe lleva cine comunitario por barrios de Cartagena"},"content":{"rendered":"<p>Con el apoyo de la Cinemateca del Caribe, Electricaribe comenz\u00f3 de manera gratuita, este mes de diciembre, las\u00a0 proyecciones de pel\u00edcula de alto contenido familiar, por barrios populares de Cartagena.<\/p>\n<p>Las proyecciones se hacen en las canchas deportivas de los diferentes barrios de nuestro corralito cuyo espacio abierto brinda un ambiente id\u00f3neo para la realizaci\u00f3n de este tipo de eventos, al facilitar un espacio de integraci\u00f3n y recreaci\u00f3n para las familias en esta temporada de festividades navide\u00f1as.<\/p>\n<p>En Cartagena se arranc\u00f3 el pasado s\u00e1bado 9 de diciembre en el barrio Albornoz con una asistencia de m\u00e1s de 250 personas, luego en el barrio Olaya Herrera sector La Magdalena con m\u00e1s de 300 personas.<\/p>\n<p>El pr\u00f3ximo martes 16 de Diciembre se abrir\u00e1 nuevamente el espacio donde llegaremos al barrio Nelson Mandela, luego continuaremos en otras ciudades como Barranquilla, Ci\u00e9naga y por \u00faltimo en la ciudad Santa Marta.<\/p>\n<p>La proyecci\u00f3n de la alegr\u00eda permanecer\u00e1 por\u00a0 m\u00e1s de dos meses, los fines de semana en los departamentos de Bol\u00edvar, Magdalena y Atl\u00e1ntico.<\/p>\n<p>Es importante resaltar que antes de iniciar las pel\u00edcula, los asistentes reciben todas las recomendaciones de seguridad por parte del equipo de trabajo comunitario, luego el mensaje muy especial de feliz Navidad para todos los espectadores presentes de nuestro agente especial el doctor Javier Lastra.<\/p>\n","protected":false},"excerpt":{"rendered":"<p>Con el apoyo de la Cinemateca del Caribe, Electricaribe comenz\u00f3 de manera gratuita, este mes de diciembre, las\u00a0 proyecciones de pel\u00edcula de alto contenido familiar, por barrios populares de Cartagena. Las proyecciones se hacen en las canchas deportivas de los diferentes barrios de nuestro corralito cuyo espacio abierto brinda un ambiente id\u00f3neo para la realizaci\u00f3n de este tipo de eventos, al facilitar un espacio de integraci\u00f3n y recreaci\u00f3n para las familias en esta temporada de festividades navide\u00f1as. En Cartagena se arranc\u00f3 el pasado s\u00e1bado 9 de diciembre en el barrio&#8230; <\/p>\n","protected":false},"author":3,"featured_media":23446,"comment_status":"open","ping_status":"closed","sticky":false,"template":"","format":"standard","meta":{"footnotes":"","_links_to":"","_links_to_target":""},"categories":[32,86],"tags":[],"class_list":["post-23445","post","type-post","status-publish","format-standard","has-post-thumbnail","hentry","category-actualidad-distrito","category-comunidad"],"_links":{"self":[{"href":"https:\/\/revistazetta.com\/index.php?rest_route=\/wp\/v2\/posts\/23445","targetHints":{"allow":["GET"]}}],"collection":[{"href":"https:\/\/revistazetta.com\/index.php?rest_route=\/wp\/v2\/posts"}],"about":[{"href":"https:\/\/revistazetta.com\/index.php?rest_route=\/wp\/v2\/types\/post"}],"author":[{"embeddable":true,"href":"https:\/\/revistazetta.com\/index.php?rest_route=\/wp\/v2\/users\/3"}],"replies":[{"embeddable":true,"href":"https:\/\/revistazetta.com\/index.php?rest_route=%2Fwp%2Fv2%2Fcomments&post=23445"}],"version-history":[{"count":0,"href":"https:\/\/revistazetta.com\/index.php?rest_route=\/wp\/v2\/posts\/23445\/revisions"}],"wp:featuredmedia":[{"embeddable":true,"href":"https:\/\/revistazetta.com\/index.php?rest_route=\/wp\/v2\/media\/23446"}],"wp:attachment":[{"href":"https:\/\/revistazetta.com\/index.php?rest_route=%2Fwp%2Fv2%2Fmedia&parent=23445"}],"wp:term":[{"taxonomy":"category","embeddable":true,"href":"https:\/\/revistazetta.com\/index.php?rest_route=%2Fwp%2Fv2%2Fcategories&post=23445"},{"taxonomy":"post_tag","embeddable":true,"href":"https:\/\/revistazetta.com\/index.php?rest_route=%2Fwp%2Fv2%2Ftags&post=23445"}],"curies":[{"name":"wp","href":"https:\/\/api.w.org\/{rel}","templated":true}]}}