{"id":23643,"date":"2017-12-28T08:16:40","date_gmt":"2017-12-28T13:16:40","guid":{"rendered":"http:\/\/www.revistazetta.com\/?p=23643"},"modified":"2017-12-28T08:17:58","modified_gmt":"2017-12-28T13:17:58","slug":"fiscalia-radica-escrito-acusacion-investigados-reficar","status":"publish","type":"post","link":"https:\/\/revistazetta.com\/?p=23643","title":{"rendered":"Fiscal\u00eda radica escrito de acusaci\u00f3n contra investigados por Reficar"},"content":{"rendered":"<p>A pesar de que el Juzgado 16 de Garant\u00edas de Bogot\u00e1 no ha tomado una decisi\u00f3n ante la solicitud de la Fiscal\u00eda de enviar a prisi\u00f3n a los exdirectivos de Reficar, Ecopetrol y de la firma CB&amp;I, procesados por los millonarios sobrecostos que se generaron en la modernizaci\u00f3n de la planta de refiner\u00eda de Cartagena,\u00a0<strong>la Fiscal\u00eda radic\u00f3 ante el Centro de Servicios de Complejo Judicial de Paloquemao el escrito de acusaci\u00f3n en contra de los investigados<\/strong>. Audiencia que, seg\u00fan fuentes cercanas al proceso, todav\u00eda no tiene fecha. (En contexto:\u00a0<a href=\"https:\/\/www.elespectador.com\/noticias\/judicial\/el-expediente-reficar-en-la-contraloria-articulo-715947\" target=\"_blank\" rel=\"noopener\">El expediente Reficar en la Contralor\u00eda<\/a>)<\/p>\n<p>El pasado 2 de agosto,\u00a0<strong>Orlando Jos\u00e9 Cabrales<\/strong>, expresidente de Reficar;\u00a0<strong>Philip Asherman<\/strong>, exrepresentante legal de la firma CB&amp;I;\u00a0<strong>Pedro Rosales Navarro<\/strong>, exvicepresidente ejecutivo del Downstream de Ecopetrol;\u00a0<strong>Felipe Laverde Concha<\/strong>, exvicepresidente jur\u00eddico de Reficar;\u00a0<strong>Massoud Deidehban<\/strong>, exdirector de proyectos y representante legal de CB&amp;I;\u00a0<strong>Reyes Reynoso Y\u00e1\u00f1ez<\/strong>, expresidente de la refiner\u00eda; y, finalmente,\u00a0<strong>Carlos Alberto Lloreda<\/strong>, exrevisor fiscal de la refiner\u00eda,\u00a0<strong>se declararon inocentes de los sobrecostos de Reficar que llegaron a los $ 610.000 millones<\/strong>.<\/p>\n<p>Si bien la Contralor\u00eda habl\u00f3 de un desfalco de US$6.000 millones, el fiscal general, N\u00e9stor Humberto Mart\u00ednez,\u00a0<strong>precis\u00f3 en su momento que la investigaci\u00f3n se centr\u00f3 en facturas que permit\u00edan inferir hechos delictivos<\/strong>. Seg\u00fan la Fiscal\u00eda, ellos ser\u00edan los responsables de firmar dos convenios que terminaron por afectar las arcas del Estado y que permitieron el pago de facturas que nada ten\u00edan que ver con la obra, como, por ejemplo<strong>, cuentas de bebidas alcoh\u00f3licas, masajes de spa y alquiler de veh\u00edculos de alta gama<\/strong>. La Fiscal\u00eda tambi\u00e9n cuestion\u00f3 la forma en que se aprob\u00f3 y aval\u00f3 el retiro de Glencore \u2013socia de Ecopetrol\u2013 como socio estrat\u00e9gico del proyecto de Reficar sin haber recibido alguna sanci\u00f3n y\u00a0<strong>violando los par\u00e1metros establecidos en los Conpes 3312 de 2004 y 3636 de 2005<\/strong>. (Lea:\u00a0<a href=\"https:\/\/www.elespectador.com\/noticias\/judicial\/fiscalia-imputo-cargos-exdirectivos-de-reficar-por-millonarios-sobrecostos-articulo-705081\" target=\"_blank\" rel=\"noopener\">Fiscal\u00eda imput\u00f3 cargos a exdirectivos de Reficar por millonarios sobrecostos<\/a>)<\/p>\n<p>Aunque la refiner\u00eda ten\u00eda conocimiento de que saldaba gastos sin soportes legales, la firma estadounidense, dice la Fiscal\u00eda,\u00a0<strong>continuaba generando consumos irregulares como servicios duplicados y equipos que jam\u00e1s prestaron sus servicios<\/strong>. Adem\u00e1s, con recursos p\u00fablicos, \u201cse pag\u00f3 horas ordinarias presuntamente trabajadas por un directivo de CB&amp;I que se encontraba en vacaciones en Houston (Estados Unidos), as\u00ed como las horas extras\u201d, mencion\u00f3 la Fiscal\u00eda en un proceso que lleva m\u00e1s de tres meses en los estrados judiciales. Si bien Foster Wheeler, compa\u00f1\u00eda contratada para auditar y supervisar los proyectos, rechazaba las facturas, estas, a pesar de todo,<strong>\u00a0<\/strong><strong>eran canceladas por Reficar, explic\u00f3 el organismo investigador<\/strong>.<\/p>\n<p>El organismo investigador les imput\u00f3 a los exfuncionarios de la refiner\u00eda los delitos de inter\u00e9s indebido en la celebraci\u00f3n de contratos, peculado por apropiaci\u00f3n, enriquecimiento il\u00edcito y falsedad en documento p\u00fablico. Ahora, la Fiscal\u00eda, que aguarda paciente la decisi\u00f3n del juzgado 16 de garant\u00edas sobre la medida de aseguramiento \u2013decisi\u00f3n que se conocer\u00e1 en enero pr\u00f3ximo\u2013,\u00a0<strong>prepara su artiller\u00eda de pruebas para enfrentar un juicio que, en todo caso, tomar\u00e1 un buen tiempo<\/strong>. (Le podr\u00eda interesar:\u00a0<a href=\"https:\/\/www.elespectador.com\/noticias\/judicial\/ocho-imputaciones-de-cargos-por-el-caso-reficar-articulo-691256\" target=\"_blank\" rel=\"noopener\">Imputar\u00e1n a Orlando Cabrales y c\u00fapula de Reficar por m\u00e1s de $610.000 millones en sobrecostos<\/a>)<\/p>\n<p>(Tomado de El Espectador).<\/p>\n<p>&nbsp;<\/p>\n","protected":false},"excerpt":{"rendered":"<p>A pesar de que el Juzgado 16 de Garant\u00edas de Bogot\u00e1 no ha tomado una decisi\u00f3n ante la solicitud de la Fiscal\u00eda de enviar a prisi\u00f3n a los exdirectivos de Reficar, Ecopetrol y de la firma CB&amp;I, procesados por los millonarios sobrecostos que se generaron en la modernizaci\u00f3n de la planta de refiner\u00eda de Cartagena,\u00a0la Fiscal\u00eda radic\u00f3 ante el Centro de Servicios de Complejo Judicial de Paloquemao el escrito de acusaci\u00f3n en contra de los investigados. Audiencia que, seg\u00fan fuentes cercanas al proceso, todav\u00eda no tiene fecha. (En contexto:\u00a0El expediente&#8230; <\/p>\n","protected":false},"author":3,"featured_media":23644,"comment_status":"open","ping_status":"closed","sticky":false,"template":"","format":"standard","meta":{"footnotes":"","_links_to":"","_links_to_target":""},"categories":[2,75],"tags":[],"class_list":["post-23643","post","type-post","status-publish","format-standard","has-post-thumbnail","hentry","category-actualidad","category-destacada"],"_links":{"self":[{"href":"https:\/\/revistazetta.com\/index.php?rest_route=\/wp\/v2\/posts\/23643","targetHints":{"allow":["GET"]}}],"collection":[{"href":"https:\/\/revistazetta.com\/index.php?rest_route=\/wp\/v2\/posts"}],"about":[{"href":"https:\/\/revistazetta.com\/index.php?rest_route=\/wp\/v2\/types\/post"}],"author":[{"embeddable":true,"href":"https:\/\/revistazetta.com\/index.php?rest_route=\/wp\/v2\/users\/3"}],"replies":[{"embeddable":true,"href":"https:\/\/revistazetta.com\/index.php?rest_route=%2Fwp%2Fv2%2Fcomments&post=23643"}],"version-history":[{"count":0,"href":"https:\/\/revistazetta.com\/index.php?rest_route=\/wp\/v2\/posts\/23643\/revisions"}],"wp:featuredmedia":[{"embeddable":true,"href":"https:\/\/revistazetta.com\/index.php?rest_route=\/wp\/v2\/media\/23644"}],"wp:attachment":[{"href":"https:\/\/revistazetta.com\/index.php?rest_route=%2Fwp%2Fv2%2Fmedia&parent=23643"}],"wp:term":[{"taxonomy":"category","embeddable":true,"href":"https:\/\/revistazetta.com\/index.php?rest_route=%2Fwp%2Fv2%2Fcategories&post=23643"},{"taxonomy":"post_tag","embeddable":true,"href":"https:\/\/revistazetta.com\/index.php?rest_route=%2Fwp%2Fv2%2Ftags&post=23643"}],"curies":[{"name":"wp","href":"https:\/\/api.w.org\/{rel}","templated":true}]}}