{"id":23653,"date":"2017-12-29T07:08:41","date_gmt":"2017-12-29T12:08:41","guid":{"rendered":"http:\/\/www.revistazetta.com\/?p=23653"},"modified":"2017-12-29T07:08:41","modified_gmt":"2017-12-29T12:08:41","slug":"vuelven-las-becas-educativas-estratos-1-2-3-acuacar-tecnologico-comfenalco","status":"publish","type":"post","link":"https:\/\/revistazetta.com\/?p=23653","title":{"rendered":"Vuelven las becas educativas para estratos 1, 2 y 3 de Acuacar y Tecnol\u00f3gico Comfenalco"},"content":{"rendered":"<p>Aguas de Cartagena S.A. E.S.P. y la Fundaci\u00f3n Universitaria Tecnol\u00f3gico Comfenalco, contin\u00faan en el fortalecimiento de una alianza estrat\u00e9gica que le apuesta al desarrollo socioecon\u00f3mico de Cartagena a trav\u00e9s de la generaci\u00f3n de oportunidades de estudio para los estratos populares de la ciudad.<\/p>\n<p>Por tal motivo, ambas instituciones anunciaron la apertura de las\u00a0inscripciones para\u00a0la Becas Acuacar \u2013 Tecnol\u00f3gico Comfenalco, dirigidas espec\u00edficamente para los estratos 1, 2 y 3 de Cartagena y sus corregimientos. Los interesados deben diligenciar el formulario que se encuentra en la p\u00e1gina\u00a0 web\u00a0\u00a0<strong><a href=\"https:\/\/www.acuacar.com\/\" target=\"_blank\" rel=\"noopener\">www.acuacar.com<\/a>,<\/strong>\u00a0buscar el v\u00ednculo \u201cBecas Acuacar\u201d, o a trav\u00e9s del correo de<a href=\"mailto:comunicaciones@acuacar.com\"><strong>comunicaciones@acuacar.com<\/strong><\/a>.<\/p>\n<p>&nbsp;<\/p>\n<p>Como gran atractivo, Acuacar y el Tecnol\u00f3gico Comfenalco, anunciaron la inclusi\u00f3n de dos nuevas becas completas\u00a0para\u00a0estudios superiores en la Fundaci\u00f3n Universitaria Tecnol\u00f3gico Comfenalco,\u00a0las cuales ser\u00e1n sorteadas\u00a0entre\u00a0los\u00a0usuarios de Acuacar,\u00a0pertenecientes a los estratos 1, 2 y 3. En conclusi\u00f3n la versi\u00f3n 2017 entregar\u00e1:<\/p>\n<p>&nbsp;<\/p>\n<p>&#8211;\u00a0\u00a0\u00a0\u00a0\u00a0\u00a0\u00a04 Becas completas para estudios tecnol\u00f3gicos<\/p>\n<p>&#8211;\u00a0\u00a0\u00a0\u00a0\u00a0\u00a0\u00a02 becas para primer semestre<\/p>\n<p>&#8211;\u00a0\u00a0\u00a0\u00a0\u00a0\u00a0\u00a02 diplomados<\/p>\n<p>&nbsp;<\/p>\n<p>Los requisitos para participar son:<\/p>\n<ol>\n<li>Diligenciar formulario, v\u00eda web, completamente con los datos del aspirante y su p\u00f3liza de servicio de agua con Acuacar.<\/li>\n<\/ol>\n<p>&nbsp;<\/p>\n<ol start=\"2\">\n<li>La p\u00f3liza debe estar al d\u00eda con sus pagos al menos durante los tres meses previos a la fecha del sorteo (Aplican las p\u00f3lizas que mantienen Convenio de Pago, al d\u00eda).<\/li>\n<\/ol>\n<p>&nbsp;<\/p>\n<ol start=\"3\">\n<li>Las personas inscritas deben tener parentesco hasta tercer grado con el usuario o suscriptor de la p\u00f3liza; para los arrendatarios deber\u00e1n tener m\u00ednimo seis meses de residir en el predio.<\/li>\n<\/ol>\n<p>&nbsp;<\/p>\n<ol start=\"4\">\n<li>Los familiares del suscriptor de la p\u00f3liza, deben tener parentesco hasta tercer grado.<\/li>\n<\/ol>\n<p>&nbsp;<\/p>\n<ol start=\"5\">\n<li>La p\u00f3liza debe ser de los estratos 1, 2 y 3.<\/li>\n<\/ol>\n<p>&nbsp;<\/p>\n<ol start=\"6\">\n<li>El aspirante inscrito debe ser bachiller y haber presentado las pruebas Saber (antes ICFES).<\/li>\n<\/ol>\n<p>&nbsp;<\/p>\n<ol start=\"7\">\n<li>Acuacar, realizar\u00e1 la selecci\u00f3n de los beneficiarios de acuerdo al cumplimiento estricto de todos los requisitos y se reserva el derecho a dar explicaciones sobre la aceptaci\u00f3n o no de los usuarios inscritos.<\/li>\n<\/ol>\n<p>&nbsp;<\/p>\n<ol start=\"8\">\n<li>No participan las p\u00f3lizas de los empleados de Acuacar.<\/li>\n<\/ol>\n<p>&nbsp;<\/p>\n<p>El cierre de inscripciones ser\u00e1 el 16 de enero del a\u00f1o pr\u00f3ximo y el sorteo se realizar\u00e1 en 25 de ese mismo mes. Para mayor informaci\u00f3n, consultar la p\u00e1gina\u00a0<a href=\"https:\/\/www.acuacar.com\/\" target=\"_blank\" rel=\"noopener\">www.acuacar.com<\/a><\/p>\n","protected":false},"excerpt":{"rendered":"<p>Aguas de Cartagena S.A. E.S.P. y la Fundaci\u00f3n Universitaria Tecnol\u00f3gico Comfenalco, contin\u00faan en el fortalecimiento de una alianza estrat\u00e9gica que le apuesta al desarrollo socioecon\u00f3mico de Cartagena a trav\u00e9s de la generaci\u00f3n de oportunidades de estudio para los estratos populares de la ciudad. Por tal motivo, ambas instituciones anunciaron la apertura de las\u00a0inscripciones para\u00a0la Becas Acuacar \u2013 Tecnol\u00f3gico Comfenalco, dirigidas espec\u00edficamente para los estratos 1, 2 y 3 de Cartagena y sus corregimientos. Los interesados deben diligenciar el formulario que se encuentra en la p\u00e1gina\u00a0 web\u00a0\u00a0www.acuacar.com,\u00a0buscar el v\u00ednculo \u201cBecas Acuacar\u201d,&#8230; <\/p>\n","protected":false},"author":3,"featured_media":23372,"comment_status":"open","ping_status":"closed","sticky":false,"template":"","format":"standard","meta":{"footnotes":"","_links_to":"","_links_to_target":""},"categories":[2],"tags":[],"class_list":["post-23653","post","type-post","status-publish","format-standard","has-post-thumbnail","hentry","category-actualidad"],"_links":{"self":[{"href":"https:\/\/revistazetta.com\/index.php?rest_route=\/wp\/v2\/posts\/23653","targetHints":{"allow":["GET"]}}],"collection":[{"href":"https:\/\/revistazetta.com\/index.php?rest_route=\/wp\/v2\/posts"}],"about":[{"href":"https:\/\/revistazetta.com\/index.php?rest_route=\/wp\/v2\/types\/post"}],"author":[{"embeddable":true,"href":"https:\/\/revistazetta.com\/index.php?rest_route=\/wp\/v2\/users\/3"}],"replies":[{"embeddable":true,"href":"https:\/\/revistazetta.com\/index.php?rest_route=%2Fwp%2Fv2%2Fcomments&post=23653"}],"version-history":[{"count":0,"href":"https:\/\/revistazetta.com\/index.php?rest_route=\/wp\/v2\/posts\/23653\/revisions"}],"wp:featuredmedia":[{"embeddable":true,"href":"https:\/\/revistazetta.com\/index.php?rest_route=\/wp\/v2\/media\/23372"}],"wp:attachment":[{"href":"https:\/\/revistazetta.com\/index.php?rest_route=%2Fwp%2Fv2%2Fmedia&parent=23653"}],"wp:term":[{"taxonomy":"category","embeddable":true,"href":"https:\/\/revistazetta.com\/index.php?rest_route=%2Fwp%2Fv2%2Fcategories&post=23653"},{"taxonomy":"post_tag","embeddable":true,"href":"https:\/\/revistazetta.com\/index.php?rest_route=%2Fwp%2Fv2%2Ftags&post=23653"}],"curies":[{"name":"wp","href":"https:\/\/api.w.org\/{rel}","templated":true}]}}