{"id":23658,"date":"2017-12-29T07:58:33","date_gmt":"2017-12-29T12:58:33","guid":{"rendered":"http:\/\/www.revistazetta.com\/?p=23658"},"modified":"2018-01-08T07:31:36","modified_gmt":"2018-01-08T12:31:36","slug":"jaqueline-perea-u-102-vocacion-liderazgo-social","status":"publish","type":"post","link":"https:\/\/revistazetta.com\/?p=23658","title":{"rendered":"Jaqueline Perea (U-102), con vocaci\u00f3n y liderazgo social"},"content":{"rendered":"<p><img loading=\"lazy\" decoding=\"async\" class=\"alignright size-medium wp-image-23660\" src=\"https:\/\/www.revistazetta.com\/wp-content\/uploads\/2017\/12\/Jacqueline-Perea-2-300x200.jpg\" alt=\"\" width=\"300\" height=\"200\" srcset=\"https:\/\/revistazetta.com\/wp-content\/uploads\/2017\/12\/Jacqueline-Perea-2-300x200.jpg 300w, https:\/\/revistazetta.com\/wp-content\/uploads\/2017\/12\/Jacqueline-Perea-2-219x146.jpg 219w, https:\/\/revistazetta.com\/wp-content\/uploads\/2017\/12\/Jacqueline-Perea-2-50x33.jpg 50w, https:\/\/revistazetta.com\/wp-content\/uploads\/2017\/12\/Jacqueline-Perea-2-113x75.jpg 113w, https:\/\/revistazetta.com\/wp-content\/uploads\/2017\/12\/Jacqueline-Perea-2.jpg 720w\" sizes=\"auto, (max-width: 300px) 100vw, 300px\" \/>\u201cSi Dios me da la oportunidad de llegar al Congreso de la Rep\u00fablica, seguir\u00e9 trabajando por la gente como hasta ahora ha sido, pero esta vez desde la institucionalidad, para desarrollar verdaderas Pol\u00edticas Sociales que acerquen al ciudadano al Estado, e impacten verdaderamente en su desarrollo\u201d.<\/p>\n<p>Con esta visi\u00f3n se presenta Jaqueline Perea Blanco, candidata a la C\u00e1mara del partido de la U, con el n\u00famero 102 en la tarjeta electoral, quien viene adelantando una campa\u00f1a novedosa y contempor\u00e1nea. Por ejemplo, no est\u00e1 empapelando la ciudad con afiches, sino que emplea publicidad autorizada en veh\u00edculos, que llevan su mensaje por las calles pero sin contaminaci\u00f3n visual indebida. \u201cLa campa\u00f1a debe ser limpia en todo sentido\u201d, especifica.<\/p>\n<p>Perea Blanco est\u00e1 convencida que nuevos liderazgos deben llegar al Congreso, pero con una misi\u00f3n clara en funci\u00f3n de la renovaci\u00f3n pol\u00edtica, con gesti\u00f3n efectiva de proyectos.<\/p>\n<p>La dirigente es muy recordada por la manera din\u00e1mica en que condujo en Cartagena el programa Familias en Acci\u00f3n, con el liderazgo social que la caracteriza.<\/p>\n<p>Ese mismo liderazgo es el que est\u00e1 llevando casa a casa, en su campa\u00f1a de contacto directo con la gente, convencida que la nueva pol\u00edtica no se hace desde escritorios sino con la comunidad, en sus calles, en su realidad.<\/p>\n<p>Jaqueline Perea abrir\u00e1 en breve el programa P.A.Z. que significa Puntos de Atenci\u00f3n Zonal, para intensificar su labor de la mano de la comunidad. Los PAZ iniciar\u00e1n en Cartagena y paulatinamente llegar\u00e1n a los municipios donde su grupo pol\u00edtico tiene acci\u00f3n proselitista.<\/p>\n<p><img loading=\"lazy\" decoding=\"async\" class=\"alignright size-medium wp-image-23661\" src=\"https:\/\/www.revistazetta.com\/wp-content\/uploads\/2017\/12\/Jacqueline-Perea-5-300x188.jpg\" alt=\"\" width=\"300\" height=\"188\" srcset=\"https:\/\/revistazetta.com\/wp-content\/uploads\/2017\/12\/Jacqueline-Perea-5-300x188.jpg 300w, https:\/\/revistazetta.com\/wp-content\/uploads\/2017\/12\/Jacqueline-Perea-5.jpg 1024w, https:\/\/revistazetta.com\/wp-content\/uploads\/2017\/12\/Jacqueline-Perea-5-234x146.jpg 234w, https:\/\/revistazetta.com\/wp-content\/uploads\/2017\/12\/Jacqueline-Perea-5-50x31.jpg 50w, https:\/\/revistazetta.com\/wp-content\/uploads\/2017\/12\/Jacqueline-Perea-5-120x75.jpg 120w\" sizes=\"auto, (max-width: 300px) 100vw, 300px\" \/><\/p>\n","protected":false},"excerpt":{"rendered":"<p>\u201cSi Dios me da la oportunidad de llegar al Congreso de la Rep\u00fablica, seguir\u00e9 trabajando por la gente como hasta ahora ha sido, pero esta vez desde la institucionalidad, para desarrollar verdaderas Pol\u00edticas Sociales que acerquen al ciudadano al Estado, e impacten verdaderamente en su desarrollo\u201d. Con esta visi\u00f3n se presenta Jaqueline Perea Blanco, candidata a la C\u00e1mara del partido de la U, con el n\u00famero 102 en la tarjeta electoral, quien viene adelantando una campa\u00f1a novedosa y contempor\u00e1nea. Por ejemplo, no est\u00e1 empapelando la ciudad con afiches, sino que&#8230; <\/p>\n","protected":false},"author":3,"featured_media":23659,"comment_status":"open","ping_status":"closed","sticky":false,"template":"","format":"standard","meta":{"footnotes":"","_links_to":"","_links_to_target":""},"categories":[4],"tags":[],"class_list":["post-23658","post","type-post","status-publish","format-standard","has-post-thumbnail","hentry","category-politica"],"_links":{"self":[{"href":"https:\/\/revistazetta.com\/index.php?rest_route=\/wp\/v2\/posts\/23658","targetHints":{"allow":["GET"]}}],"collection":[{"href":"https:\/\/revistazetta.com\/index.php?rest_route=\/wp\/v2\/posts"}],"about":[{"href":"https:\/\/revistazetta.com\/index.php?rest_route=\/wp\/v2\/types\/post"}],"author":[{"embeddable":true,"href":"https:\/\/revistazetta.com\/index.php?rest_route=\/wp\/v2\/users\/3"}],"replies":[{"embeddable":true,"href":"https:\/\/revistazetta.com\/index.php?rest_route=%2Fwp%2Fv2%2Fcomments&post=23658"}],"version-history":[{"count":0,"href":"https:\/\/revistazetta.com\/index.php?rest_route=\/wp\/v2\/posts\/23658\/revisions"}],"wp:featuredmedia":[{"embeddable":true,"href":"https:\/\/revistazetta.com\/index.php?rest_route=\/wp\/v2\/media\/23659"}],"wp:attachment":[{"href":"https:\/\/revistazetta.com\/index.php?rest_route=%2Fwp%2Fv2%2Fmedia&parent=23658"}],"wp:term":[{"taxonomy":"category","embeddable":true,"href":"https:\/\/revistazetta.com\/index.php?rest_route=%2Fwp%2Fv2%2Fcategories&post=23658"},{"taxonomy":"post_tag","embeddable":true,"href":"https:\/\/revistazetta.com\/index.php?rest_route=%2Fwp%2Fv2%2Ftags&post=23658"}],"curies":[{"name":"wp","href":"https:\/\/api.w.org\/{rel}","templated":true}]}}