{"id":23663,"date":"2018-01-06T19:21:39","date_gmt":"2018-01-07T00:21:39","guid":{"rendered":"http:\/\/www.revistazetta.com\/?p=23663"},"modified":"2018-01-06T19:23:24","modified_gmt":"2018-01-07T00:23:24","slug":"universos-paralelos-opinion-alvaro-royo-desde-xiamen","status":"publish","type":"post","link":"https:\/\/revistazetta.com\/?p=23663","title":{"rendered":"Universos paralelos \u2013 Opini\u00f3n de \u00c1lvaro Royo desde Xiamen"},"content":{"rendered":"<p><strong>Por \u00c1lvaro Royo (Especial para Revista Zetta).- (Xiamen \u2013 China).-<\/strong> Ahora que entraremos en un 2018 puramente electoral, donde solo hablaremos de elecciones y del Mundial de Rusia, no dejan de sorprenderme los diferentes universos en los que vivimos por culpa de l\u00edderes irresponsables, post verdad, noticias falsas y esa costumbre que practican muchos idiotas de leer solo titulares de prensa mala, escuchar audios sin saber qui\u00e9n es el autor, as\u00ed como tambi\u00e9n leer toda clase de barbaridades que circulan en internet y darla como la verdad revelada, se hacen matar por eso, y viven en ese mundo irreal creado especialmente para confundir borregos.<\/p>\n<p><img loading=\"lazy\" decoding=\"async\" class=\"alignright size-medium wp-image-23665\" src=\"https:\/\/www.revistazetta.com\/wp-content\/uploads\/2018\/01\/u1-300x141.jpg\" alt=\"\" width=\"300\" height=\"141\" srcset=\"https:\/\/revistazetta.com\/wp-content\/uploads\/2018\/01\/u1-300x141.jpg 300w, https:\/\/revistazetta.com\/wp-content\/uploads\/2018\/01\/u1-260x122.jpg 260w, https:\/\/revistazetta.com\/wp-content\/uploads\/2018\/01\/u1-50x24.jpg 50w, https:\/\/revistazetta.com\/wp-content\/uploads\/2018\/01\/u1-150x71.jpg 150w, https:\/\/revistazetta.com\/wp-content\/uploads\/2018\/01\/u1.jpg 850w\" sizes=\"auto, (max-width: 300px) 100vw, 300px\" \/>El gran Facundo Cabral dec\u00eda que su abuelo que era un hombre muy valiente y sol\u00eda decir que solo le ten\u00eda miedo a los pendejos\u2026<\/p>\n<p>\u00bfPor qu\u00e9?<\/p>\n<p>Porque son muchos, y al ser mayor\u00eda pueden elegir presidente.<\/p>\n<p>No estaba errado el hombre ya que a eso est\u00e1n jugando precisamente varios l\u00edderes en Colombia, al voto de los pendejos, porque estos solo repiten lo que dice el l\u00edder, no investigan, no leen porque eso est\u00e1 muy largo, pasan horas escuchando a Popeye \u201cporque dice muchas verdades\u201d Luego abren una p\u00e1gina de internet que no saben de qui\u00e9n carajos es diciendo cualquier cantidad de barbaridades y la dan por verdadera.<\/p>\n<p>Les llega un audio de whatsapp con un personaje hablando el cual no saben qui\u00e9n es y esa es su verdad!<\/p>\n<p>No quieren saber nada de argumentos, las cifras est\u00e1n all\u00ed, la historia est\u00e1 all\u00ed pero esta no vale porque ha sido manipulada y comprada con mermelada, los periodistas respetables de Colombia y de todo el mundo, todos han sido sobornados y solo sirven al gobierno.<\/p>\n<p><img loading=\"lazy\" decoding=\"async\" class=\"alignright size-medium wp-image-23666\" src=\"https:\/\/www.revistazetta.com\/wp-content\/uploads\/2018\/01\/u2-300x169.jpg\" alt=\"\" width=\"300\" height=\"169\" srcset=\"https:\/\/revistazetta.com\/wp-content\/uploads\/2018\/01\/u2-300x169.jpg 300w, https:\/\/revistazetta.com\/wp-content\/uploads\/2018\/01\/u2-1024x576.jpg 1024w, https:\/\/revistazetta.com\/wp-content\/uploads\/2018\/01\/u2-260x146.jpg 260w, https:\/\/revistazetta.com\/wp-content\/uploads\/2018\/01\/u2-50x28.jpg 50w, https:\/\/revistazetta.com\/wp-content\/uploads\/2018\/01\/u2-133x75.jpg 133w, https:\/\/revistazetta.com\/wp-content\/uploads\/2018\/01\/u2.jpg 1366w\" sizes=\"auto, (max-width: 300px) 100vw, 300px\" \/>No hay uno que sirva ni valga la pena.<\/p>\n<p>Solo lo que dicen Popeye y Fernando Londo\u00f1o es v\u00e1lido! a un desconocido de whatsapp se le cree, pero a los periodistas de renombre y trayectoria probada no!<\/p>\n<p>Es un asunto duro de entender pero solo es atribuible a la pereza mental de leer, investigar y documentarse la que los lleva a ese universo paralelo que solo existe en la mente de ellos<\/p>\n<p>Un universo paralelo donde las Farc a\u00fan existen como grupo armado.<\/p>\n<p>Un universo paralelo donde Timochencko va de primero en las encuestas con grandes posibilidades de llegar al poder.<\/p>\n<p>Un universo paralelo donde es posible comprar un Premio Nobel con petr\u00f3leo<\/p>\n<p>Un universo paralelo donde es inminente en Colombia la llegada del castro-chavismo al poder.<\/p>\n<p>Un universo paralelo donde es noticia abuchear al presidente el 31 de diciembre pero no es noticia que los homicidios y los mutilados por la guerra se hayan reducido en un 90% ese mismo a\u00f1o.<\/p>\n<p>Un universo paralelo donde el presidente le entreg\u00f3 el pa\u00eds a las Farc, pero que antes de la firma de los acuerdos esta hac\u00eda presencia en 242 municipios y hoy la desmovilizada guerrilla est\u00e1 concentrada en solo 26 veredas<\/p>\n<p><img loading=\"lazy\" decoding=\"async\" class=\"alignright size-medium wp-image-23667\" src=\"https:\/\/www.revistazetta.com\/wp-content\/uploads\/2018\/01\/u-300x169.jpg\" alt=\"\" width=\"300\" height=\"169\" srcset=\"https:\/\/revistazetta.com\/wp-content\/uploads\/2018\/01\/u-300x169.jpg 300w, https:\/\/revistazetta.com\/wp-content\/uploads\/2018\/01\/u-260x146.jpg 260w, https:\/\/revistazetta.com\/wp-content\/uploads\/2018\/01\/u-50x28.jpg 50w, https:\/\/revistazetta.com\/wp-content\/uploads\/2018\/01\/u-133x75.jpg 133w, https:\/\/revistazetta.com\/wp-content\/uploads\/2018\/01\/u.jpg 750w\" sizes=\"auto, (max-width: 300px) 100vw, 300px\" \/>Un universo paralelo donde Sergio Fajardo es comunista y es el candidato del castro chavismo\u2026 y Humberto De La Calle? tambi\u00e9n porque hay una foto de 1986 que es la prueba reina de que se reunieron y desde ese d\u00eda hace m\u00e1s de 30 a\u00f1os tienen un plan macabro para tomarse el poder.<\/p>\n<p>En fin, la lista es extensa pero all\u00ed viven ellos y para sacarlos de ese limbo es dif\u00edcil porque existe un martilleo constante por parte de sus l\u00edderes y de Popeye que no les deja ver el mundo real al que pertenecen y el cual mezquinamente ignoran.<\/p>\n<p>&nbsp;<\/p>\n<p><strong>\u00bfY si Timochencko fuera presidente qu\u00e9?<\/strong><\/p>\n<p>Pues hagamos un ejercicio y ubiqu\u00e9monos en uno de esos universos e imagin\u00e9monos que Timochencko es presidente de Colombia, \u00bfque pasar\u00eda? Pues yo creo que no pasar\u00eda absolutamente nada, pero nada, de nada..<\/p>\n<p>\u00bfPor qu\u00e9?<\/p>\n<p>Porque no tendr\u00eda la mayor\u00eda en el congreso, punto importante para sacar adelante una ley, y ni hablemos de los otros poderes del estado, sum\u00e9mosle a eso a la junta del Banco de la Rep\u00fablica, la Contralor\u00eda, la Fiscal\u00eda, la Procuradur\u00eda, los grupos econ\u00f3micos, las Fuerzas Armadas, en fin, todo eso que hace que Colombia sea un pa\u00eds.<\/p>\n<p><img loading=\"lazy\" decoding=\"async\" class=\"alignright size-medium wp-image-23668\" src=\"https:\/\/www.revistazetta.com\/wp-content\/uploads\/2018\/01\/u4-300x175.jpg\" alt=\"\" width=\"300\" height=\"175\" srcset=\"https:\/\/revistazetta.com\/wp-content\/uploads\/2018\/01\/u4-300x175.jpg 300w, https:\/\/revistazetta.com\/wp-content\/uploads\/2018\/01\/u4-250x146.jpg 250w, https:\/\/revistazetta.com\/wp-content\/uploads\/2018\/01\/u4-50x29.jpg 50w, https:\/\/revistazetta.com\/wp-content\/uploads\/2018\/01\/u4-129x75.jpg 129w, https:\/\/revistazetta.com\/wp-content\/uploads\/2018\/01\/u4.jpg 600w\" sizes=\"auto, (max-width: 300px) 100vw, 300px\" \/>Y luego nos vamos a un ejemplo que est\u00e1 all\u00ed en la historia reciente del pa\u00eds que habla muy bien de los cambios que puede y no puede hacer un presidente de la rep\u00fablica de Colombia, inclusive cuando tiene todo el poder en sus manos, cual ejemplo? El de Alvaro Uribe V\u00e9lez, pues \u00e9l era el presidente de Colombia y en el a\u00f1o 2009 ten\u00eda todo el poder en sus manos, enumer\u00e9moslo<\/p>\n<ol>\n<li>El 80% del congreso estaba con \u00e9l<\/li>\n<li>La Fiscal\u00eda<\/li>\n<li>La Procuradur\u00eda<\/li>\n<li>La Contralor\u00eda<\/li>\n<li>El 80% de apoyo popular<\/li>\n<li>La junta del Banco de la Rep\u00fablica<\/li>\n<li>Los grupos econ\u00f3micos<\/li>\n<li>El Ej\u00e9rcito<\/li>\n<\/ol>\n<p>&nbsp;<\/p>\n<p>Todo, todo el pa\u00eds estaba del lado de Uribe para que se hiciera reelegir por segunda vez. \u00bfY qu\u00e9 pas\u00f3?<\/p>\n<p>Pues que un magistrado de Cartagena, Humberto Sierra Porto, no dio un concepto favorable a la segunda reelecci\u00f3n.<\/p>\n<p>Y ahora sin ninguna de las anteriores, \u00bfqui\u00e9n se cree que el castro-chavismo se va a tomar el poder en Colombia?<\/p>\n<p>\u00a1Ese si es un cuento para que se lo crean los m\u00e1s pendejos!<\/p>\n<p>&nbsp;<\/p>\n<p>Un abrazo!<\/p>\n<p>Alvaro Royo<\/p>\n<p><a href=\"mailto:enchina@gmail.com\">enchina@gmail.com<\/a><\/p>\n<p><a href=\"https:\/\/www.alvaroroyo.com\" target=\"_blank\" rel=\"noopener\">www.alvaroroyo.com<\/a><\/p>\n<p>0086-13559231344<\/p>\n<p>&nbsp;<\/p>\n<p>&nbsp;<\/p>\n<p>&nbsp;<\/p>\n<p>&nbsp;<\/p>\n<p>&nbsp;<\/p>\n<p>&nbsp;<\/p>\n<p>&nbsp;<\/p>\n<p>&nbsp;<\/p>\n","protected":false},"excerpt":{"rendered":"<p>Por \u00c1lvaro Royo (Especial para Revista Zetta).- (Xiamen \u2013 China).- Ahora que entraremos en un 2018 puramente electoral, donde solo hablaremos de elecciones y del Mundial de Rusia, no dejan de sorprenderme los diferentes universos en los que vivimos por culpa de l\u00edderes irresponsables, post verdad, noticias falsas y esa costumbre que practican muchos idiotas de leer solo titulares de prensa mala, escuchar audios sin saber qui\u00e9n es el autor, as\u00ed como tambi\u00e9n leer toda clase de barbaridades que circulan en internet y darla como la verdad revelada, se hacen&#8230; <\/p>\n","protected":false},"author":3,"featured_media":23664,"comment_status":"open","ping_status":"closed","sticky":false,"template":"","format":"standard","meta":{"footnotes":"","_links_to":"","_links_to_target":""},"categories":[75,44,65],"tags":[],"class_list":["post-23663","post","type-post","status-publish","format-standard","has-post-thumbnail","hentry","category-destacada","category-materiagris","category-opinion"],"_links":{"self":[{"href":"https:\/\/revistazetta.com\/index.php?rest_route=\/wp\/v2\/posts\/23663","targetHints":{"allow":["GET"]}}],"collection":[{"href":"https:\/\/revistazetta.com\/index.php?rest_route=\/wp\/v2\/posts"}],"about":[{"href":"https:\/\/revistazetta.com\/index.php?rest_route=\/wp\/v2\/types\/post"}],"author":[{"embeddable":true,"href":"https:\/\/revistazetta.com\/index.php?rest_route=\/wp\/v2\/users\/3"}],"replies":[{"embeddable":true,"href":"https:\/\/revistazetta.com\/index.php?rest_route=%2Fwp%2Fv2%2Fcomments&post=23663"}],"version-history":[{"count":0,"href":"https:\/\/revistazetta.com\/index.php?rest_route=\/wp\/v2\/posts\/23663\/revisions"}],"wp:featuredmedia":[{"embeddable":true,"href":"https:\/\/revistazetta.com\/index.php?rest_route=\/wp\/v2\/media\/23664"}],"wp:attachment":[{"href":"https:\/\/revistazetta.com\/index.php?rest_route=%2Fwp%2Fv2%2Fmedia&parent=23663"}],"wp:term":[{"taxonomy":"category","embeddable":true,"href":"https:\/\/revistazetta.com\/index.php?rest_route=%2Fwp%2Fv2%2Fcategories&post=23663"},{"taxonomy":"post_tag","embeddable":true,"href":"https:\/\/revistazetta.com\/index.php?rest_route=%2Fwp%2Fv2%2Ftags&post=23663"}],"curies":[{"name":"wp","href":"https:\/\/api.w.org\/{rel}","templated":true}]}}