{"id":23679,"date":"2018-01-08T06:56:41","date_gmt":"2018-01-08T11:56:41","guid":{"rendered":"http:\/\/www.revistazetta.com\/?p=23679"},"modified":"2018-01-08T06:56:41","modified_gmt":"2018-01-08T11:56:41","slug":"bolivar-221-mil-466-cupos-disponibles-instituciones-educativas-oficiales","status":"publish","type":"post","link":"https:\/\/revistazetta.com\/?p=23679","title":{"rendered":"Bol\u00edvar tiene 221 mil 466 cupos disponibles en instituciones educativas oficiales"},"content":{"rendered":"<blockquote>\n<p class=\"m_1963896746008987482gmail-MsoNormal\"><b><i>La administraci\u00f3n del \u00a0\u201cBol\u00edvar S\u00cd Avanza\u201d que preside Dumek Turbay Paz, dio inicio al\u00a0 proceso de matr\u00edcula del a\u00f1o lectivo 2018, tiempo en el cual los padres de familia pueden acercarse\u00a0 a cada una de las 224 instituciones educativas y 1.394 sedes, con el cual se busca identificar a la poblaci\u00f3n desescolarizada e integrarla al sistema Educativo, aumentar la cobertura y garantizar la continuidad.\u00a0 \u00a0<\/i><\/b><\/p>\n<\/blockquote>\n<p class=\"m_1963896746008987482gmail-MsoNormal\">El secretario de Educaci\u00f3n de Bol\u00edvar, \u00d3scar Mar\u00edn Villalba, hace un llamado a los padres de familia que hasta la fecha no han hecho efectivo el proceso de registro de matr\u00edcula de sus hijos, para que se acerquen a los establecimientos educativos oficiales de Bol\u00edvar a legalizar\u00a0 totalmente gratis la matr\u00edcula y exhorta a rectores del departamento, para que agilicen el proceso de matr\u00edculas en los 224 colegios que tiene a cargo la Secretar\u00eda de Educaci\u00f3n en 43 municipios no certificados, de los cerca de\u00a0 221 mil 466 cupos disponibles.<\/p>\n<p class=\"m_1963896746008987482gmail-MsoNormal\">La iniciativa tiene como prop\u00f3sito\u00a0 alcanzar cobertura total educativa en el departamento y garantizar el derecho a la educaci\u00f3n, a trav\u00e9s de acciones que aseguren el acceso y la permanencia de la poblaci\u00f3n estudiantil que actualmente se encuentra por fuera del sistema educativo en los niveles de preescolar, b\u00e1sica y media.<\/p>\n<p class=\"m_1963896746008987482gmail-MsoNormal\">\n<p class=\"m_1963896746008987482gmail-MsoNormal\">La Secretar\u00eda de Educaci\u00f3n de Bol\u00edvar, \u00a0busca\u00a0 que m\u00e1s ni\u00f1os, ni\u00f1as y\u00a0 j\u00f3venes se matriculen en los 224 establecimientos educativos distribuidos en los 44 municipios no certificados de su jurisdicci\u00f3n.<\/p>\n<p class=\"m_1963896746008987482gmail-MsoNormal\">\n<p class=\"m_1963896746008987482gmail-MsoNormal\">\u00d3scar Mar\u00edn Villaba, secretario de Educaci\u00f3n de Bol\u00edvar, invit\u00f3 a los alcaldes como leg\u00edtimos responsables de la educaci\u00f3n en los municipios de Bol\u00edvar para que participen de las actividades de promover e impulsar la jornada de matr\u00edcula que inicia la Secretar\u00eda de Educaci\u00f3n de Bol\u00edvar, permitiendo que el derecho a la educaci\u00f3n gratuita se cumpla en todo el territorio Bolivarense.<\/p>\n<p class=\"m_1963896746008987482gmail-MsoNormal\">\n<p class=\"m_1963896746008987482gmail-MsoNormal\">El secretario dijo, que\u00a0 todav\u00eda hay rectores que no han subido la matr\u00edcula al Simat, por m\u00faltiples inconvenientes\u00a0 y que muchos padres de familia a\u00fan no se acercan a legalizar el proceso de matr\u00edcula en las instituciones educativas oficiales m\u00e1s cercanas\u00a0 a su lugar de residencia.<\/p>\n<p class=\"m_1963896746008987482gmail-MsoNormal\">\n<p class=\"m_1963896746008987482gmail-MsoNormal\">\u201cUno de los mayores prop\u00f3sitos del gobernador Dumek Turbay Paz como eje fundamental para cumplir las metas trazadas en materia educativa del Gobierno Departamental \u201cBol\u00edvar S\u00ed Avanza\u201d, es dotar a todos los establecimientos educativos del departamento de una mejor infraestructura escolar, para fortalecer la jornada \u00fanica y contribuir a la transformaci\u00f3n de la calidad educativa en cada rinc\u00f3n del departamento\u201d, puntualiz\u00f3 Mar\u00edn Villalba.<\/p>\n<p class=\"m_1963896746008987482gmail-MsoNormal\">\n<p class=\"m_1963896746008987482gmail-MsoNormal\">\u201cLa gratuidad de la educaci\u00f3n en Bol\u00edvar es total y significa esto que los padres de familia no pagar\u00e1n\u00a0 dinero en ning\u00fan caso y bajo ninguna circunstancia por la prestaci\u00f3n del servicio educativo de sus hijos\u201d precis\u00f3 Liner Campo Tejedor, director de Cobertura Educativa de Bol\u00edvar.<\/p>\n<p class=\"m_1963896746008987482gmail-MsoNormal\">\n<p class=\"m_1963896746008987482gmail-MsoNormal\">Campo Tejedor subray\u00f3 que, \u201cde acuerdo con el Decreto 1269 de 2008 las instituciones educativas no pueden exigir en ning\u00fan caso, por si mismos, ni por medio de las asociaciones de padres de familia, ni de otras organizaciones, cuotas, bonos, acciones o donaciones, ni ocultar alg\u00fan cobro en dinero o en especie, aportes a capital o tarifas adicionales a las aprobadas por concepto de matr\u00edculas, pensiones y cobros\u201d, precis\u00f3.<\/p>\n<p class=\"m_1963896746008987482gmail-MsoNormal\">\n<p class=\"m_1963896746008987482gmail-MsoNormal\"><b><u>Matr\u00edculas hasta el 26 de enero de 2018<\/u><\/b><\/p>\n<p class=\"m_1963896746008987482gmail-MsoNormal\">\n<p class=\"m_1963896746008987482gmail-MsoNormal\">El director de Cobertura record\u00f3, que el proceso de matr\u00edculas para alumnos nuevos y antiguos inici\u00f3 el pasado 14 de diciembre y se extender\u00e1 hasta el 26 de enero de 2018.<\/p>\n<p class=\"m_1963896746008987482gmail-MsoNormal\">\n<p class=\"m_1963896746008987482gmail-MsoNormal\">Se estima que, para el pr\u00f3ximo 22 de febrero, fecha de inicio del nuevo calendario acad\u00e9mico 2018 en el departamento de Bol\u00edvar, las instituciones Educativas inicien labores acad\u00e9micas con el cupo proyectado.<\/p>\n","protected":false},"excerpt":{"rendered":"<p>La administraci\u00f3n del \u00a0\u201cBol\u00edvar S\u00cd Avanza\u201d que preside Dumek Turbay Paz, dio inicio al\u00a0 proceso de matr\u00edcula del a\u00f1o lectivo 2018, tiempo en el cual los padres de familia pueden acercarse\u00a0 a cada una de las 224 instituciones educativas y 1.394 sedes, con el cual se busca identificar a la poblaci\u00f3n desescolarizada e integrarla al sistema Educativo, aumentar la cobertura y garantizar la continuidad.\u00a0 \u00a0 El secretario de Educaci\u00f3n de Bol\u00edvar, \u00d3scar Mar\u00edn Villalba, hace un llamado a los padres de familia que hasta la fecha no han hecho efectivo&#8230; <\/p>\n","protected":false},"author":3,"featured_media":23680,"comment_status":"open","ping_status":"closed","sticky":false,"template":"","format":"standard","meta":{"footnotes":"","_links_to":"","_links_to_target":""},"categories":[80],"tags":[],"class_list":["post-23679","post","type-post","status-publish","format-standard","has-post-thumbnail","hentry","category-region"],"_links":{"self":[{"href":"https:\/\/revistazetta.com\/index.php?rest_route=\/wp\/v2\/posts\/23679","targetHints":{"allow":["GET"]}}],"collection":[{"href":"https:\/\/revistazetta.com\/index.php?rest_route=\/wp\/v2\/posts"}],"about":[{"href":"https:\/\/revistazetta.com\/index.php?rest_route=\/wp\/v2\/types\/post"}],"author":[{"embeddable":true,"href":"https:\/\/revistazetta.com\/index.php?rest_route=\/wp\/v2\/users\/3"}],"replies":[{"embeddable":true,"href":"https:\/\/revistazetta.com\/index.php?rest_route=%2Fwp%2Fv2%2Fcomments&post=23679"}],"version-history":[{"count":0,"href":"https:\/\/revistazetta.com\/index.php?rest_route=\/wp\/v2\/posts\/23679\/revisions"}],"wp:featuredmedia":[{"embeddable":true,"href":"https:\/\/revistazetta.com\/index.php?rest_route=\/wp\/v2\/media\/23680"}],"wp:attachment":[{"href":"https:\/\/revistazetta.com\/index.php?rest_route=%2Fwp%2Fv2%2Fmedia&parent=23679"}],"wp:term":[{"taxonomy":"category","embeddable":true,"href":"https:\/\/revistazetta.com\/index.php?rest_route=%2Fwp%2Fv2%2Fcategories&post=23679"},{"taxonomy":"post_tag","embeddable":true,"href":"https:\/\/revistazetta.com\/index.php?rest_route=%2Fwp%2Fv2%2Ftags&post=23679"}],"curies":[{"name":"wp","href":"https:\/\/api.w.org\/{rel}","templated":true}]}}