{"id":23681,"date":"2018-01-08T06:59:19","date_gmt":"2018-01-08T11:59:19","guid":{"rendered":"http:\/\/www.revistazetta.com\/?p=23681"},"modified":"2018-01-08T06:59:19","modified_gmt":"2018-01-08T11:59:19","slug":"camara-comercio-cartagena-presento-plataforma-web-proyectos-inmobiliarios-expociudad","status":"publish","type":"post","link":"https:\/\/revistazetta.com\/?p=23681","title":{"rendered":"C\u00e1mara de Comercio de Cartagena present\u00f3 plataforma web de proyectos inmobiliarios en Expociudad"},"content":{"rendered":"<p class=\"m_-2447210302534728840m_-7891797729261144058gmail-MsoNormal\"><span lang=\"ES\">Con el objetivo mostrar los proyectos inmobiliarios y de equipamiento p\u00fablico que impactan el desarrollo econ\u00f3mico de la ciudad y la regi\u00f3n, la C\u00e1mara de Comercio de Cartagena, bajo el liderazgo de su presidenta Ejecutiva, Mar\u00eda Claudia P\u00e1ez Mallarino, ha dise\u00f1ado una aplicaci\u00f3n web para que cartageneros y colombianos accedan a informaci\u00f3n sobre los proyectos de construcci\u00f3n m\u00e1s importantes que se adelantan en el territorio. Desde hoy todos podr\u00e1n conocer este aplicativo en el marco de Expo Ciudad, que se realiza en el Museo Naval del Caribe.<\/span><\/p>\n<p class=\"m_-2447210302534728840m_-7891797729261144058gmail-MsoNormal\"><span lang=\"ES\">\u00a0<\/span><\/p>\n<p class=\"m_-2447210302534728840m_-7891797729261144058gmail-MsoNormal\"><span lang=\"ES\">Seg\u00fan la presidenta Ejecutiva Mar\u00eda Claudia P\u00e1ez Mallarino, para llegar a esta herramienta se realiz\u00f3 un censo que dio como resultado un total de 172 proyectos inmobiliarios, cuyo criterio de selecci\u00f3n corresponde a que cada uno de ellos cuente con licencia de construcci\u00f3n, tenga al menos una inversi\u00f3n mayor a $ 2.400 millones y que han decidido hacer parte de esta plataforma. \u201cEste aplicativo constituye la herramienta perfecta para analizar la expansi\u00f3n y avance del ordenamiento de nuestro territorio, adem\u00e1s que permite cuantificar inversiones e impacto en el empleo\u201d, asegur\u00f3 la Presidenta.<\/span><\/p>\n<p class=\"m_-2447210302534728840m_-7891797729261144058gmail-MsoNormal\"><span lang=\"ES\">\u00a0<\/span><\/p>\n<p class=\"m_-2447210302534728840m_-7891797729261144058gmail-MsoNormal\"><span lang=\"ES\">Los 172 proyectos se encuentran distribuidos en la cartograf\u00eda de la ciudad de Cartagena y sus \u00e1reas de influencia, as\u00ed: en la Zona Norte, Zona Urbana (Suelo Urbano), Zona de la Variante de acceso al Corredor de Carga de la ciudad y la Zona Industrial, y a la entrada del Canal del Dique hasta Puerto Badel.<\/span><\/p>\n<p class=\"m_-2447210302534728840m_-7891797729261144058gmail-MsoNormal\"><span lang=\"ES\">\u00a0<\/span><\/p>\n<p class=\"m_-2447210302534728840m_-7891797729261144058gmail-MsoNormal\"><span lang=\"ES\">Es importante anotar que, a trav\u00e9s del aplicativo, los interesados pueden navegar y ubicar con facilidad cada uno de los proyectos. Es posible hacer una visualizaci\u00f3n en dos niveles de las im\u00e1genes que contienen no solo la ficha t\u00e9cnica sino la localizaci\u00f3n de ellos.<\/span><\/p>\n<p class=\"m_-2447210302534728840m_-7891797729261144058gmail-MsoNormal\"><span lang=\"ES\">\u00a0<\/span><\/p>\n<p class=\"m_-2447210302534728840m_-7891797729261144058gmail-MsoNormal\"><span lang=\"ES\">\u00a0<\/span><\/p>\n<p class=\"m_-2447210302534728840m_-7891797729261144058gmail-MsoNormal\">De esta manera, la C\u00e1mara de Comercio de Cartagena, se consolida como un ente que promueve la competitividad, brinda herramientas a empresarios, inversionistas y apoya el progreso y la sostenibilidad de la Regi\u00f3n Caribe.<\/p>\n<p class=\"m_-2447210302534728840m_-7891797729261144058gmail-MsoNormal\"><span lang=\"ES\">\u00a0<\/span><\/p>\n<p class=\"m_-2447210302534728840m_-7891797729261144058gmail-MsoNormal\"><span lang=\"ES\">Para consultar el aplicativo puede ingresar al sitio web:\u00a0<\/span><span lang=\"ES\"><a href=\"https:\/\/www.proyectosdecartagena.com\/\" target=\"_blank\" rel=\"noopener\" data-saferedirecturl=\"https:\/\/www.google.com\/url?hl=es&amp;q=https:\/\/www.proyectosdecartagena.com\/&amp;source=gmail&amp;ust=1515498438258000&amp;usg=AFQjCNGlKNh7re4s2mCt4_LQ7k-HVB80Pg\">www.proyectosdecartagena.<wbr \/>com<\/a><\/span><\/p>\n","protected":false},"excerpt":{"rendered":"<p>Con el objetivo mostrar los proyectos inmobiliarios y de equipamiento p\u00fablico que impactan el desarrollo econ\u00f3mico de la ciudad y la regi\u00f3n, la C\u00e1mara de Comercio de Cartagena, bajo el liderazgo de su presidenta Ejecutiva, Mar\u00eda Claudia P\u00e1ez Mallarino, ha dise\u00f1ado una aplicaci\u00f3n web para que cartageneros y colombianos accedan a informaci\u00f3n sobre los proyectos de construcci\u00f3n m\u00e1s importantes que se adelantan en el territorio. Desde hoy todos podr\u00e1n conocer este aplicativo en el marco de Expo Ciudad, que se realiza en el Museo Naval del Caribe. \u00a0 Seg\u00fan la&#8230; <\/p>\n","protected":false},"author":3,"featured_media":23682,"comment_status":"open","ping_status":"closed","sticky":false,"template":"","format":"standard","meta":{"footnotes":"","_links_to":"","_links_to_target":""},"categories":[3,50],"tags":[],"class_list":["post-23681","post","type-post","status-publish","format-standard","has-post-thumbnail","hentry","category-ciudad","category-empresa"],"_links":{"self":[{"href":"https:\/\/revistazetta.com\/index.php?rest_route=\/wp\/v2\/posts\/23681","targetHints":{"allow":["GET"]}}],"collection":[{"href":"https:\/\/revistazetta.com\/index.php?rest_route=\/wp\/v2\/posts"}],"about":[{"href":"https:\/\/revistazetta.com\/index.php?rest_route=\/wp\/v2\/types\/post"}],"author":[{"embeddable":true,"href":"https:\/\/revistazetta.com\/index.php?rest_route=\/wp\/v2\/users\/3"}],"replies":[{"embeddable":true,"href":"https:\/\/revistazetta.com\/index.php?rest_route=%2Fwp%2Fv2%2Fcomments&post=23681"}],"version-history":[{"count":0,"href":"https:\/\/revistazetta.com\/index.php?rest_route=\/wp\/v2\/posts\/23681\/revisions"}],"wp:featuredmedia":[{"embeddable":true,"href":"https:\/\/revistazetta.com\/index.php?rest_route=\/wp\/v2\/media\/23682"}],"wp:attachment":[{"href":"https:\/\/revistazetta.com\/index.php?rest_route=%2Fwp%2Fv2%2Fmedia&parent=23681"}],"wp:term":[{"taxonomy":"category","embeddable":true,"href":"https:\/\/revistazetta.com\/index.php?rest_route=%2Fwp%2Fv2%2Fcategories&post=23681"},{"taxonomy":"post_tag","embeddable":true,"href":"https:\/\/revistazetta.com\/index.php?rest_route=%2Fwp%2Fv2%2Ftags&post=23681"}],"curies":[{"name":"wp","href":"https:\/\/api.w.org\/{rel}","templated":true}]}}