{"id":23683,"date":"2018-01-08T07:23:38","date_gmt":"2018-01-08T12:23:38","guid":{"rendered":"http:\/\/www.revistazetta.com\/?p=23683"},"modified":"2018-01-08T07:23:38","modified_gmt":"2018-01-08T12:23:38","slug":"juventudes-bolivar-andan-las-pilas-puestas","status":"publish","type":"post","link":"https:\/\/revistazetta.com\/?p=23683","title":{"rendered":"Juventudes de Bol\u00edvar andan con las pilas puestas"},"content":{"rendered":"<p><img loading=\"lazy\" decoding=\"async\" class=\"alignright size-medium wp-image-23686\" src=\"https:\/\/www.revistazetta.com\/wp-content\/uploads\/2018\/01\/2017-12-28-PHOTO-00000015-300x225.jpg\" alt=\"\" width=\"300\" height=\"225\" srcset=\"https:\/\/revistazetta.com\/wp-content\/uploads\/2018\/01\/2017-12-28-PHOTO-00000015-300x225.jpg 300w, https:\/\/revistazetta.com\/wp-content\/uploads\/2018\/01\/2017-12-28-PHOTO-00000015-1024x768.jpg 1024w, https:\/\/revistazetta.com\/wp-content\/uploads\/2018\/01\/2017-12-28-PHOTO-00000015-195x146.jpg 195w, https:\/\/revistazetta.com\/wp-content\/uploads\/2018\/01\/2017-12-28-PHOTO-00000015-50x38.jpg 50w, https:\/\/revistazetta.com\/wp-content\/uploads\/2018\/01\/2017-12-28-PHOTO-00000015-100x75.jpg 100w, https:\/\/revistazetta.com\/wp-content\/uploads\/2018\/01\/2017-12-28-PHOTO-00000015.jpg 1600w\" sizes=\"auto, (max-width: 300px) 100vw, 300px\" \/>Seg\u00fan Daniel Vargas D\u00edaz, el mensaje ha sido claro: \u00abHemos logrado desde la Oficina de Juventud poner realmente la casa en orden en todo lo relacionado con esta poblaci\u00f3n, logrando una verdadera sinergia con los diferentes municipios del Departamento a la hora de trabajar por la juventud<\/p>\n<p>El funcionario considera que luego de la labor de estructuraci\u00f3n realizada bajo las instrucciones del gobernador Dumek Turbay Paz, es el momento de pasar del discurso a los hechos, para materializar acciones reales y as\u00ed imprimirle el revolucionario giro para el mejor futuro de la juventud<\/p>\n<p>Vargas D\u00edaz hizo un balance de los logros alcanzados este a\u00f1o por parte de la Oficina de Juventud del Bolivar del Bol\u00edvar Si Avanza:<br \/>\n<img loading=\"lazy\" decoding=\"async\" class=\"alignright size-medium wp-image-23684\" src=\"https:\/\/www.revistazetta.com\/wp-content\/uploads\/2018\/01\/2017-12-28-PHOTO-00000010-300x205.jpg\" alt=\"\" width=\"300\" height=\"205\" srcset=\"https:\/\/revistazetta.com\/wp-content\/uploads\/2018\/01\/2017-12-28-PHOTO-00000010-300x205.jpg 300w, https:\/\/revistazetta.com\/wp-content\/uploads\/2018\/01\/2017-12-28-PHOTO-00000010-1024x698.jpg 1024w, https:\/\/revistazetta.com\/wp-content\/uploads\/2018\/01\/2017-12-28-PHOTO-00000010-214x146.jpg 214w, https:\/\/revistazetta.com\/wp-content\/uploads\/2018\/01\/2017-12-28-PHOTO-00000010-50x34.jpg 50w, https:\/\/revistazetta.com\/wp-content\/uploads\/2018\/01\/2017-12-28-PHOTO-00000010-110x75.jpg 110w, https:\/\/revistazetta.com\/wp-content\/uploads\/2018\/01\/2017-12-28-PHOTO-00000010.jpg 1242w\" sizes=\"auto, (max-width: 300px) 100vw, 300px\" \/>1) puesta en marcha del proyecto para la formulaci\u00f3n de la Pol\u00edtica P\u00fablica de juventud, donde hoy ya hemos implementados los instrumentos para el levantamiento de la l\u00ednea base, estos instrumentos son las a) fichas t\u00e9cnicas en los municipios del Departamento de Bol\u00edvar, talleres focales para los diferentes grupos poblaciones y entrevistas especializadas para la veracidad de la informaci\u00f3n recolectada b) Elaboraci\u00f3n del diagn\u00f3stico participativo, todo lo relacionado con la problem\u00e1tica y necesidad de la Juventud Bolivarense c) contrici\u00f3n de l\u00edneas estrat\u00e9gicas con acciones puntuales.<br \/>\n2) Ejecuion del programa Estado joven, gestionado con el Ministerio del trabajo a por medio de la Oficina de Juventud a trav\u00e9s de Comfamiliar donde aplicamos la nueva ley 1780 ProJoven la cual busca eliminar las barres de acceso a la empleabilidad. Logrando vincular a 16 j\u00f3venes a que realizaran sus pr\u00e1cticas en laGobernaci\u00f3n de Bol\u00edvar, como aspecto resaltar, que son pr\u00e1cticas remuneradas.<br \/>\n3) logramos llevar acabo con el apoyo de Comfenalco, el primer Diplomado para J\u00f3venes l\u00edderes y coordinadores municipales de juventud, denominado \u201cJ\u00f3venes L\u00edderes Avanzan por Bolivar\u201d con el objetivo de formar a j\u00f3venes en emprendimiento, liderazgo, innovaci\u00f3n y creatividad.<br \/>\n4) combatimos la problem\u00e1tica de embarazos en adolescentes con la puesta en marcha del programa \u201cFeria al Parque por los Derechos Sexuales y Reproductivos de los j\u00f3venes \u201c<br \/>\n5) se estableci\u00f3 el programa \u201cCu\u00e1l es tu Carreta\u201d con el apoyo de Mart\u00edn Murillo y su carreta literaria, donde trabajamos todo lo relaciona con la construcci\u00f3n de proyectos de vida para los j\u00f3venes<br \/>\n<img loading=\"lazy\" decoding=\"async\" class=\"alignright size-medium wp-image-23687\" src=\"https:\/\/www.revistazetta.com\/wp-content\/uploads\/2018\/01\/2017-12-28-PHOTO-00000019-300x200.jpg\" alt=\"\" width=\"300\" height=\"200\" srcset=\"https:\/\/revistazetta.com\/wp-content\/uploads\/2018\/01\/2017-12-28-PHOTO-00000019-300x200.jpg 300w, https:\/\/revistazetta.com\/wp-content\/uploads\/2018\/01\/2017-12-28-PHOTO-00000019-1024x682.jpg 1024w, https:\/\/revistazetta.com\/wp-content\/uploads\/2018\/01\/2017-12-28-PHOTO-00000019-219x146.jpg 219w, https:\/\/revistazetta.com\/wp-content\/uploads\/2018\/01\/2017-12-28-PHOTO-00000019-50x33.jpg 50w, https:\/\/revistazetta.com\/wp-content\/uploads\/2018\/01\/2017-12-28-PHOTO-00000019-113x75.jpg 113w, https:\/\/revistazetta.com\/wp-content\/uploads\/2018\/01\/2017-12-28-PHOTO-00000019.jpg 1280w\" sizes=\"auto, (max-width: 300px) 100vw, 300px\" \/>6) Aplicabilidad de la Ley 1622\/2013 de juventud, por medio de la confirmaci\u00f3n de plataformas juveniles, hemos creado 40 plataformas, logrando espacios de construcci\u00f3n de agendas juveniles en todo el Territorio Bolivarense, llegando a m\u00e1s de 20.000 j\u00f3venes.<br \/>\n7) realizamos alianza con el SENA para llevar carreras t\u00e9cnicas a los j\u00f3venes y seguir capacitando y generar herramientas de conocimiento en la juventud<br \/>\n8) Se realiz\u00f3 las primeras mesas ZODALES de Juvetud, en la ZODES del Magdalena Medio, Lobas, Depresi\u00f3n Momposina y Zodes de la Mojana Bolivarense. Con el objetivo de realizar sensibilizaci\u00f3n y formaci\u00f3n en participaci\u00f3n en Pol\u00edtica y Post-conflicto, Veeduria juvenil y mecanismos de participaci\u00f3n, con esto lograremos darle herramientas a los j\u00f3venes para la participaci\u00f3n en la toma de desiciones en en sus diferentes territorios<\/p>\n","protected":false},"excerpt":{"rendered":"<p>Seg\u00fan Daniel Vargas D\u00edaz, el mensaje ha sido claro: \u00abHemos logrado desde la Oficina de Juventud poner realmente la casa en orden en todo lo relacionado con esta poblaci\u00f3n, logrando una verdadera sinergia con los diferentes municipios del Departamento a la hora de trabajar por la juventud El funcionario considera que luego de la labor de estructuraci\u00f3n realizada bajo las instrucciones del gobernador Dumek Turbay Paz, es el momento de pasar del discurso a los hechos, para materializar acciones reales y as\u00ed imprimirle el revolucionario giro para el mejor futuro&#8230; <\/p>\n","protected":false},"author":3,"featured_media":23685,"comment_status":"open","ping_status":"closed","sticky":false,"template":"","format":"standard","meta":{"footnotes":"","_links_to":"","_links_to_target":""},"categories":[2,75],"tags":[],"class_list":["post-23683","post","type-post","status-publish","format-standard","has-post-thumbnail","hentry","category-actualidad","category-destacada"],"_links":{"self":[{"href":"https:\/\/revistazetta.com\/index.php?rest_route=\/wp\/v2\/posts\/23683","targetHints":{"allow":["GET"]}}],"collection":[{"href":"https:\/\/revistazetta.com\/index.php?rest_route=\/wp\/v2\/posts"}],"about":[{"href":"https:\/\/revistazetta.com\/index.php?rest_route=\/wp\/v2\/types\/post"}],"author":[{"embeddable":true,"href":"https:\/\/revistazetta.com\/index.php?rest_route=\/wp\/v2\/users\/3"}],"replies":[{"embeddable":true,"href":"https:\/\/revistazetta.com\/index.php?rest_route=%2Fwp%2Fv2%2Fcomments&post=23683"}],"version-history":[{"count":0,"href":"https:\/\/revistazetta.com\/index.php?rest_route=\/wp\/v2\/posts\/23683\/revisions"}],"wp:featuredmedia":[{"embeddable":true,"href":"https:\/\/revistazetta.com\/index.php?rest_route=\/wp\/v2\/media\/23685"}],"wp:attachment":[{"href":"https:\/\/revistazetta.com\/index.php?rest_route=%2Fwp%2Fv2%2Fmedia&parent=23683"}],"wp:term":[{"taxonomy":"category","embeddable":true,"href":"https:\/\/revistazetta.com\/index.php?rest_route=%2Fwp%2Fv2%2Fcategories&post=23683"},{"taxonomy":"post_tag","embeddable":true,"href":"https:\/\/revistazetta.com\/index.php?rest_route=%2Fwp%2Fv2%2Ftags&post=23683"}],"curies":[{"name":"wp","href":"https:\/\/api.w.org\/{rel}","templated":true}]}}