{"id":23690,"date":"2018-01-08T07:30:52","date_gmt":"2018-01-08T12:30:52","guid":{"rendered":"http:\/\/www.revistazetta.com\/?p=23690"},"modified":"2018-01-08T07:30:52","modified_gmt":"2018-01-08T12:30:52","slug":"jacqueline-perea-abrio-puntos-atencion-zonal-paz","status":"publish","type":"post","link":"https:\/\/revistazetta.com\/?p=23690","title":{"rendered":"Jacqueline Perea abri\u00f3 Puntos de Atenci\u00f3n Zonal -PAZ-"},"content":{"rendered":"<p><img loading=\"lazy\" decoding=\"async\" class=\"alignright size-medium wp-image-23691\" src=\"https:\/\/www.revistazetta.com\/wp-content\/uploads\/2018\/01\/2018-01-04-PHOTO-00000007-225x300.jpg\" alt=\"\" width=\"225\" height=\"300\" srcset=\"https:\/\/revistazetta.com\/wp-content\/uploads\/2018\/01\/2018-01-04-PHOTO-00000007-225x300.jpg 225w, https:\/\/revistazetta.com\/wp-content\/uploads\/2018\/01\/2018-01-04-PHOTO-00000007-768x1024.jpg 768w, https:\/\/revistazetta.com\/wp-content\/uploads\/2018\/01\/2018-01-04-PHOTO-00000007-110x146.jpg 110w, https:\/\/revistazetta.com\/wp-content\/uploads\/2018\/01\/2018-01-04-PHOTO-00000007-38x50.jpg 38w, https:\/\/revistazetta.com\/wp-content\/uploads\/2018\/01\/2018-01-04-PHOTO-00000007-56x75.jpg 56w, https:\/\/revistazetta.com\/wp-content\/uploads\/2018\/01\/2018-01-04-PHOTO-00000007.jpg 960w\" sizes=\"auto, (max-width: 225px) 100vw, 225px\" \/>Para promover una pol\u00edtica incluyente, y responder a las inquietudes y necesidades reales de todos los ciudadanos, la candidata a la C\u00e1mara de Representantes por Bol\u00edvar del partido de La U, con el n\u00famero 102 en el Tarjet\u00f3n, Jacqueline Perea Blanco, implement\u00f3 los Puntos de Atenci\u00f3n Zonal (PAZ).<\/p>\n<p>Los Puntos de Atenci\u00f3n Zonal son sitios ubicados en diferentes sectores de la ciudad, en donde la candidata establecer\u00e1 contacto directo con los l\u00edderes y la comunidad para escuchar de viva voz las inquietudes y propuestas de la gente y que servir\u00e1n para construir la agenda legislativa que desarrollar\u00e1 como Representante a la C\u00e1mara y el seguimiento de su papel como congresista.<\/p>\n<p><strong>\u00bfC\u00f3mo nacen los P.A.Z.?<\/strong><\/p>\n<p>La iniciativa nace por parte de la candidata, que considera que su campa\u00f1a no tendr\u00e1 un comando para atender l\u00edderes y comunidades, sino Puntos de Atenci\u00f3n Zonal (P.A.Z), en barrios y comunas de la ciudad, donde har\u00e1 presencia y los habitantes de los sectores encontraran toda la informaci\u00f3n relacionada con su aspiraci\u00f3n a la C\u00e1mara de Representantes.<\/p>\n<p>\u201cEs hora de cambiar la pol\u00edtica tradicional, las campa\u00f1as tradicionales. Cartagena y Bol\u00edvar necesitan una verdadera transformaci\u00f3n; necesitan una ciudad y un departamento incluyente, igualitario y equitativo. Que no s\u00f3lo sea en \u00e9poca de campa\u00f1a y para conseguir un voto en donde se visite a la gente, donde fluyan todas las propuestas, pero al final y con el pasar del periodo elegido se van olvidando, no, el cambio es hoy, el compromiso social es hoy, en los PAZ estaremos ahora y durante mi ejercicio como congresista\u201d\u201d, puntualiz\u00f3 Perea Blanco.<\/p>\n<p>El primer Punto de Atenci\u00f3n Zonal (P.A.Z) habilitado es el que se encuentra ubicado en el barrio La Esperanza, calle Benjam\u00edn Herrera No. 33-51. Desde all\u00ed la Candidata a la C\u00e1mara U-102 brinda una atenci\u00f3n personalizada a la comunidad.<\/p>\n<p>En las redes sociales de la candidata encontraran toda la informaci\u00f3n relacionada con las reuniones que se llevaran a cabo en los PAZ.<\/p>\n<p>Instagram: @jacquelineperea, Facebook: Jacqueline Perea Blanco, Twitter: @pereajaque y la p\u00e1gina oficial\u00a0www.jacquelineperea.com.<\/p>\n","protected":false},"excerpt":{"rendered":"<p>Para promover una pol\u00edtica incluyente, y responder a las inquietudes y necesidades reales de todos los ciudadanos, la candidata a la C\u00e1mara de Representantes por Bol\u00edvar del partido de La U, con el n\u00famero 102 en el Tarjet\u00f3n, Jacqueline Perea Blanco, implement\u00f3 los Puntos de Atenci\u00f3n Zonal (PAZ). Los Puntos de Atenci\u00f3n Zonal son sitios ubicados en diferentes sectores de la ciudad, en donde la candidata establecer\u00e1 contacto directo con los l\u00edderes y la comunidad para escuchar de viva voz las inquietudes y propuestas de la gente y que servir\u00e1n&#8230; <\/p>\n","protected":false},"author":3,"featured_media":23692,"comment_status":"open","ping_status":"closed","sticky":false,"template":"","format":"standard","meta":{"footnotes":"","_links_to":"","_links_to_target":""},"categories":[75,4],"tags":[],"class_list":["post-23690","post","type-post","status-publish","format-standard","has-post-thumbnail","hentry","category-destacada","category-politica"],"_links":{"self":[{"href":"https:\/\/revistazetta.com\/index.php?rest_route=\/wp\/v2\/posts\/23690","targetHints":{"allow":["GET"]}}],"collection":[{"href":"https:\/\/revistazetta.com\/index.php?rest_route=\/wp\/v2\/posts"}],"about":[{"href":"https:\/\/revistazetta.com\/index.php?rest_route=\/wp\/v2\/types\/post"}],"author":[{"embeddable":true,"href":"https:\/\/revistazetta.com\/index.php?rest_route=\/wp\/v2\/users\/3"}],"replies":[{"embeddable":true,"href":"https:\/\/revistazetta.com\/index.php?rest_route=%2Fwp%2Fv2%2Fcomments&post=23690"}],"version-history":[{"count":0,"href":"https:\/\/revistazetta.com\/index.php?rest_route=\/wp\/v2\/posts\/23690\/revisions"}],"wp:featuredmedia":[{"embeddable":true,"href":"https:\/\/revistazetta.com\/index.php?rest_route=\/wp\/v2\/media\/23692"}],"wp:attachment":[{"href":"https:\/\/revistazetta.com\/index.php?rest_route=%2Fwp%2Fv2%2Fmedia&parent=23690"}],"wp:term":[{"taxonomy":"category","embeddable":true,"href":"https:\/\/revistazetta.com\/index.php?rest_route=%2Fwp%2Fv2%2Fcategories&post=23690"},{"taxonomy":"post_tag","embeddable":true,"href":"https:\/\/revistazetta.com\/index.php?rest_route=%2Fwp%2Fv2%2Ftags&post=23690"}],"curies":[{"name":"wp","href":"https:\/\/api.w.org\/{rel}","templated":true}]}}