{"id":23694,"date":"2018-01-09T06:39:14","date_gmt":"2018-01-09T11:39:14","guid":{"rendered":"http:\/\/www.revistazetta.com\/?p=23694"},"modified":"2018-01-09T06:39:36","modified_gmt":"2018-01-09T11:39:36","slug":"minhacienda-aprueba-reingenieria-ese-cartagena-indias","status":"publish","type":"post","link":"https:\/\/revistazetta.com\/?p=23694","title":{"rendered":"Minhacienda aprueba reingenier\u00eda en ESE Cartagena de Indias"},"content":{"rendered":"<p>El Ministerio de Hacienda y Cr\u00e9dito P\u00fabico aprob\u00f3 el Programa de Saneamiento Fiscal y Financiero que, con el visto bueno del Departamento Administrativo de Salud Distrital (DADIS), comenz\u00f3 a implementar la ESE Hospital Local Cartagena de Indias.<br \/>\nEl gerente de la ESE Hospital Local Cartagena de Indias, Roque Bossio Berm\u00fadez, explic\u00f3 que el programa de saneamiento es una medida obligatoria que deben asumir las Empresas Sociales del Estado cuando entran en una situaci\u00f3n de alto riesgo fiscal y financiero.<br \/>\n\u201cEste programa, que describe la situaci\u00f3n de la entidad y plantea medidas estrat\u00e9gicas y operativas para salir del alto riesgo, lo formul\u00f3 la ESE Hospital Local Cartagena de Indias con la asistencia t\u00e9cnica del Dadis\u201d, indic\u00f3 Bossio Berm\u00fadez.<br \/>\nPrecis\u00f3 que el Programa de Saneamiento Fiscal y Financiero fue presentado a la junta directiva en el mes de agosto de 2017. La junta lo adopt\u00f3, y, posteriormente, el Dadis lo envi\u00f3 al Ministerio de Hacienda para su viabilizaci\u00f3n t\u00e9cnica. El Ministerio de Hacienda y Cr\u00e9dito P\u00fablico en su primera revisi\u00f3n le dio la viabilidad.<br \/>\n\u201cReingenier\u00eda a procesos de la ESE\u201d: Bossio<br \/>\nEl funcionario explic\u00f3 que con la implementaci\u00f3n del programa son muchos los cambios que se implementar\u00e1n en la entidad, lo que permitir\u00e1 un mejoramiento en todos los aspectos.<br \/>\n\u201cLa ESE est\u00e1 obligada a ajustar el modelo de prestaci\u00f3n de servicios hacia un enfoque de gesti\u00f3n de riesgo, mejorar la productividad, disminuir gastos, redistribuir la oferta de servicios entre sus redes para operar como prestador primario, fortalecer la pol\u00edtica de administraci\u00f3n del recurso humano de la entidad, optimizar los procesos de facturaci\u00f3n, reporte de informaci\u00f3n, cobro y recuperaci\u00f3n de cartera. Tambi\u00e9n se trabaja en la profundizaci\u00f3n de la atenci\u00f3n primaria en salud a nivel familiar y comunitario, con \u00e9nfasis en la gesti\u00f3n del riesgo en salud\u201d, sostuvo Bossio Berm\u00fadez.<br \/>\nPor \u00faltimo, indic\u00f3 que como resultado de la implementaci\u00f3n del programa, la ESE deber\u00e1 pagar el total de sus pasivos que est\u00e1n por el orden de los 17 mil millones de pesos. \u201cEl programa se est\u00e1 socializando con los trabajadores que no participaron en la formulaci\u00f3n del Programa de Saneamiento Fiscal y Financiero, quienes son el eje del proceso. De igual forma, todo estos cambios redundar\u00e1n en una mejor prestaci\u00f3n del servicio a los usuarios, nuestro objetivo\u201d, finaliz\u00f3.<\/p>\n","protected":false},"excerpt":{"rendered":"<p>El Ministerio de Hacienda y Cr\u00e9dito P\u00fabico aprob\u00f3 el Programa de Saneamiento Fiscal y Financiero que, con el visto bueno del Departamento Administrativo de Salud Distrital (DADIS), comenz\u00f3 a implementar la ESE Hospital Local Cartagena de Indias. El gerente de la ESE Hospital Local Cartagena de Indias, Roque Bossio Berm\u00fadez, explic\u00f3 que el programa de saneamiento es una medida obligatoria que deben asumir las Empresas Sociales del Estado cuando entran en una situaci\u00f3n de alto riesgo fiscal y financiero. \u201cEste programa, que describe la situaci\u00f3n de la entidad y plantea&#8230; <\/p>\n","protected":false},"author":3,"featured_media":23695,"comment_status":"open","ping_status":"closed","sticky":false,"template":"","format":"standard","meta":{"footnotes":"","_links_to":"","_links_to_target":""},"categories":[75,32],"tags":[],"class_list":["post-23694","post","type-post","status-publish","format-standard","has-post-thumbnail","hentry","category-destacada","category-actualidad-distrito"],"_links":{"self":[{"href":"https:\/\/revistazetta.com\/index.php?rest_route=\/wp\/v2\/posts\/23694","targetHints":{"allow":["GET"]}}],"collection":[{"href":"https:\/\/revistazetta.com\/index.php?rest_route=\/wp\/v2\/posts"}],"about":[{"href":"https:\/\/revistazetta.com\/index.php?rest_route=\/wp\/v2\/types\/post"}],"author":[{"embeddable":true,"href":"https:\/\/revistazetta.com\/index.php?rest_route=\/wp\/v2\/users\/3"}],"replies":[{"embeddable":true,"href":"https:\/\/revistazetta.com\/index.php?rest_route=%2Fwp%2Fv2%2Fcomments&post=23694"}],"version-history":[{"count":0,"href":"https:\/\/revistazetta.com\/index.php?rest_route=\/wp\/v2\/posts\/23694\/revisions"}],"wp:featuredmedia":[{"embeddable":true,"href":"https:\/\/revistazetta.com\/index.php?rest_route=\/wp\/v2\/media\/23695"}],"wp:attachment":[{"href":"https:\/\/revistazetta.com\/index.php?rest_route=%2Fwp%2Fv2%2Fmedia&parent=23694"}],"wp:term":[{"taxonomy":"category","embeddable":true,"href":"https:\/\/revistazetta.com\/index.php?rest_route=%2Fwp%2Fv2%2Fcategories&post=23694"},{"taxonomy":"post_tag","embeddable":true,"href":"https:\/\/revistazetta.com\/index.php?rest_route=%2Fwp%2Fv2%2Ftags&post=23694"}],"curies":[{"name":"wp","href":"https:\/\/api.w.org\/{rel}","templated":true}]}}