{"id":23702,"date":"2018-01-10T09:21:57","date_gmt":"2018-01-10T14:21:57","guid":{"rendered":"http:\/\/www.revistazetta.com\/?p=23702"},"modified":"2018-01-10T09:21:57","modified_gmt":"2018-01-10T14:21:57","slug":"alcalde-20-meses-opinion-john-zamora","status":"publish","type":"post","link":"https:\/\/revistazetta.com\/?p=23702","title":{"rendered":"Alcalde por 20 meses \u2013 Opini\u00f3n de John Zamora"},"content":{"rendered":"<p><strong>Por John Zamora (Director de Revista Zetta).-<\/strong> \u00bfSer\u00eda usted alcalde de Cartagena por 20 meses? Para lograrlo, debe comenzar a hacer campa\u00f1a, visitar comunidades, activar redes sociales, hacer presencia en medios de comunicaci\u00f3n y organizar una plataforma pol\u00edtica-electoral, con una agenda diaria de 20 horas de trabajo sin pausa.<\/p>\n<p>Si al querid\u00edsimo presidente Santos le da la gana, es probable que en abril vayamos a las urnas; a m\u00e1s tardar en mayo se estar\u00eda posesionando y de una vez con el conteo regresivo: le quedar\u00e1n apenas 20 meses para gobernar y tratar de cumplir todo lo propuesto en la corta campa\u00f1a electoral.<\/p>\n<p>Su antecesor, Manolo Duque, estuvo de candidato de marzo a octubre de 2015; su rival Quinto Guerra arranc\u00f3 dos a\u00f1os atr\u00e1s, y Pecas Betancourt ya ven\u00eda con el tema desde que fue concejal.<\/p>\n<p>Si Quinto y Pecas repiten candidatura, deber\u00e1n sumar ese esfuerzo a sus estad\u00edsticas pol\u00edticas, como sucede con los peloteros de Grandes Ligas.<\/p>\n<p>En mayo, el presupuesto distrital ya estar\u00e1 comprometido en buena parte con los prop\u00f3sitos de la \u201cCiudad de la Esperanza\u201d, el concepto que se invent\u00f3 Sergio Londo\u00f1o para apartarse del malogrado \u201cPrimero la Gente\u201d.<\/p>\n<p>En mayo, ya deben tener impulso megaproyectos como la protecci\u00f3n costera, el plan maestro de Educaci\u00f3n, y se habr\u00e1 avanzado algo en la nueva formulaci\u00f3n de PEMP y POT.<\/p>\n<p>En mayo, sabremos cu\u00e1ntos concejales siguen libres y cu\u00e1ntos son residentes del Impec.<\/p>\n<p>En mayo, ya sabremos qui\u00e9nes pasan a segunda vuelta en la elecci\u00f3n presidencial y estaremos enterados de la conformaci\u00f3n del nuevo Congreso de Colombia.<\/p>\n<p>En mayo, estaremos expectantes de los muchachos que van a Rusia con P\u00e9kerman, y a los pedalazos de Rigoberto, Nairo y dem\u00e1s colombianos en las rutas europeas.<\/p>\n<p>En mayo habr\u00e1 cumplido un a\u00f1o de encargo Sergio Londo\u00f1o Zurek, quien a diferencia de los que han sido candidatos, gobern\u00f3 a la ciudad sin visitar una comunidad, sin pedir un voto, sin hacer una promesa, sin poner un peso para campa\u00f1a: simplemente estaba en el lugar indicado, a la hora indicada.<\/p>\n<p>Pero quien suceda a Londo\u00f1o, no podr\u00e1 tener ninguna excusa, como no la tuvo \u00e9l: le dijeron que se montara en un avi\u00f3n, viaja a Cartagena y se hiciera cargo de la ciudad, sin anestesia.<\/p>\n<p>Como sucede en el atletismo, donde hay velocistas para 100 y 200 metros planos; donde encontramos corredores de semifondo para 1.500 metros, y tambi\u00e9n fondistas para 5.000, 10.000 y marat\u00f3n, el pr\u00f3ximo alcalde de Cartagena (repetimos: si al querid\u00edsimo presidente Santos se le da por convocar elecciones) ser\u00e1 un atleta de semifondo.<\/p>\n<p>Entonces, usted \u2013potencial candidato- debe conocer su condici\u00f3n atl\u00e9tica: si es velocista, de esos que les encantar\u00eda ser alcalde por una semana para tomarse foto e ir a cocteles, no se lance. Mejor espere, se acomoda en un gabinete y lagartea para que lo encarguen por una horas.<\/p>\n<p>Si es fondista, experto en maratones, espere a las elecciones de 2019 y se postula para un periodo completo de cuatro a\u00f1os. (Si la Fiscal\u00eda, la Contralor\u00eda o la Procuradur\u00eda le permiten permanecer todo el tiempo).<\/p>\n<p>Pero si es semifondista, entonces \u00a1l\u00e1ncese! Tiene 20 meses\u2026 o menos.<\/p>\n<p>&nbsp;<\/p>\n","protected":false},"excerpt":{"rendered":"<p>Por John Zamora (Director de Revista Zetta).- \u00bfSer\u00eda usted alcalde de Cartagena por 20 meses? Para lograrlo, debe comenzar a hacer campa\u00f1a, visitar comunidades, activar redes sociales, hacer presencia en medios de comunicaci\u00f3n y organizar una plataforma pol\u00edtica-electoral, con una agenda diaria de 20 horas de trabajo sin pausa. Si al querid\u00edsimo presidente Santos le da la gana, es probable que en abril vayamos a las urnas; a m\u00e1s tardar en mayo se estar\u00eda posesionando y de una vez con el conteo regresivo: le quedar\u00e1n apenas 20 meses para gobernar&#8230; <\/p>\n","protected":false},"author":3,"featured_media":23703,"comment_status":"open","ping_status":"closed","sticky":false,"template":"","format":"standard","meta":{"footnotes":"","_links_to":"","_links_to_target":""},"categories":[75,44,65],"tags":[],"class_list":["post-23702","post","type-post","status-publish","format-standard","has-post-thumbnail","hentry","category-destacada","category-materiagris","category-opinion"],"_links":{"self":[{"href":"https:\/\/revistazetta.com\/index.php?rest_route=\/wp\/v2\/posts\/23702","targetHints":{"allow":["GET"]}}],"collection":[{"href":"https:\/\/revistazetta.com\/index.php?rest_route=\/wp\/v2\/posts"}],"about":[{"href":"https:\/\/revistazetta.com\/index.php?rest_route=\/wp\/v2\/types\/post"}],"author":[{"embeddable":true,"href":"https:\/\/revistazetta.com\/index.php?rest_route=\/wp\/v2\/users\/3"}],"replies":[{"embeddable":true,"href":"https:\/\/revistazetta.com\/index.php?rest_route=%2Fwp%2Fv2%2Fcomments&post=23702"}],"version-history":[{"count":0,"href":"https:\/\/revistazetta.com\/index.php?rest_route=\/wp\/v2\/posts\/23702\/revisions"}],"wp:featuredmedia":[{"embeddable":true,"href":"https:\/\/revistazetta.com\/index.php?rest_route=\/wp\/v2\/media\/23703"}],"wp:attachment":[{"href":"https:\/\/revistazetta.com\/index.php?rest_route=%2Fwp%2Fv2%2Fmedia&parent=23702"}],"wp:term":[{"taxonomy":"category","embeddable":true,"href":"https:\/\/revistazetta.com\/index.php?rest_route=%2Fwp%2Fv2%2Fcategories&post=23702"},{"taxonomy":"post_tag","embeddable":true,"href":"https:\/\/revistazetta.com\/index.php?rest_route=%2Fwp%2Fv2%2Ftags&post=23702"}],"curies":[{"name":"wp","href":"https:\/\/api.w.org\/{rel}","templated":true}]}}