{"id":23705,"date":"2018-01-10T09:23:14","date_gmt":"2018-01-10T14:23:14","guid":{"rendered":"http:\/\/www.revistazetta.com\/?p=23705"},"modified":"2018-01-10T09:23:14","modified_gmt":"2018-01-10T14:23:14","slug":"orbita-politica-john-zamora-miercoles-10-enero-2018","status":"publish","type":"post","link":"https:\/\/revistazetta.com\/?p=23705","title":{"rendered":"\u00d3rbita Pol\u00edtica de John Zamora \u2013 mi\u00e9rcoles 10 de enero de 2018"},"content":{"rendered":"<p><strong>Pedrito apoya a Fincho y Yamilito<\/strong><\/p>\n<p>Muchos se preguntaban qu\u00e9 rumbo tomar\u00edan los votos de Pedrito Pereira, que por tres periodos le sirvieron para ser Representante a la C\u00e1mara por Bol\u00edvar.<\/p>\n<p>Dado que el respetado dirigente decidi\u00f3 no aspirar a la reelecci\u00f3n, y reservarse para una eventual aspiraci\u00f3n a la Alcald\u00eda de Cartagena o la Gobernaci\u00f3n de Bol\u00edvar, el primer par\u00e1metro para tomar una decisi\u00f3n era que los votos siguieran dentro del partido Conservador.<\/p>\n<p>Quienes conocen a Pedrito saben que es disciplinado y no anda haciendo acuerdos por debajo de la mesa para arreglar votaciones por candidatos de otras vertientes.<\/p>\n<p>Dentro de ese contexto, el panorama para Senado en Bol\u00edvar solo ten\u00eda un destino: Nadia Blel. Pero las conversaciones no fraguaron, por lo que surgi\u00f3 la alternativa de un dirigente regional como Efra\u00edn Cepeda, del Atl\u00e1ntico, presidente del Congreso y gran amigo de Pedrito, quien, adem\u00e1s, le demostr\u00f3 que valora su trabajo pol\u00edtico en Bol\u00edvar.<\/p>\n<p>En cuanto al apoyo de C\u00e1mara, al grupo de Pedrito Pereira le pareci\u00f3 acertado el respaldo a una nueva figura como lo es Yamil Arana, de Magangu\u00e9.<\/p>\n<p>Arana es la f\u00f3rmula de Nadia Blel pero no se limita a un apoyo rec\u00edproco, sino que busca votos por fuera de la Casa Blel y encontr\u00f3 \u201cqu\u00edmica\u201d con Pedrito.<\/p>\n<p>As\u00ed las cosas, Pedrito parece tener una doble f\u00f3rmula ganadora: tendr\u00e1 Senado con Fincho y C\u00e1mara con Yamilito.<\/p>\n<p>&nbsp;<\/p>\n<p>&nbsp;<\/p>\n","protected":false},"excerpt":{"rendered":"<p>Pedrito apoya a Fincho y Yamilito Muchos se preguntaban qu\u00e9 rumbo tomar\u00edan los votos de Pedrito Pereira, que por tres periodos le sirvieron para ser Representante a la C\u00e1mara por Bol\u00edvar. Dado que el respetado dirigente decidi\u00f3 no aspirar a la reelecci\u00f3n, y reservarse para una eventual aspiraci\u00f3n a la Alcald\u00eda de Cartagena o la Gobernaci\u00f3n de Bol\u00edvar, el primer par\u00e1metro para tomar una decisi\u00f3n era que los votos siguieran dentro del partido Conservador. Quienes conocen a Pedrito saben que es disciplinado y no anda haciendo acuerdos por debajo de&#8230; <\/p>\n","protected":false},"author":3,"featured_media":23704,"comment_status":"open","ping_status":"closed","sticky":false,"template":"","format":"standard","meta":{"footnotes":"","_links_to":"","_links_to_target":""},"categories":[75,47,44,45],"tags":[],"class_list":["post-23705","post","type-post","status-publish","format-standard","has-post-thumbnail","hentry","category-destacada","category-john-zamora","category-materiagris","category-orbita"],"_links":{"self":[{"href":"https:\/\/revistazetta.com\/index.php?rest_route=\/wp\/v2\/posts\/23705","targetHints":{"allow":["GET"]}}],"collection":[{"href":"https:\/\/revistazetta.com\/index.php?rest_route=\/wp\/v2\/posts"}],"about":[{"href":"https:\/\/revistazetta.com\/index.php?rest_route=\/wp\/v2\/types\/post"}],"author":[{"embeddable":true,"href":"https:\/\/revistazetta.com\/index.php?rest_route=\/wp\/v2\/users\/3"}],"replies":[{"embeddable":true,"href":"https:\/\/revistazetta.com\/index.php?rest_route=%2Fwp%2Fv2%2Fcomments&post=23705"}],"version-history":[{"count":0,"href":"https:\/\/revistazetta.com\/index.php?rest_route=\/wp\/v2\/posts\/23705\/revisions"}],"wp:featuredmedia":[{"embeddable":true,"href":"https:\/\/revistazetta.com\/index.php?rest_route=\/wp\/v2\/media\/23704"}],"wp:attachment":[{"href":"https:\/\/revistazetta.com\/index.php?rest_route=%2Fwp%2Fv2%2Fmedia&parent=23705"}],"wp:term":[{"taxonomy":"category","embeddable":true,"href":"https:\/\/revistazetta.com\/index.php?rest_route=%2Fwp%2Fv2%2Fcategories&post=23705"},{"taxonomy":"post_tag","embeddable":true,"href":"https:\/\/revistazetta.com\/index.php?rest_route=%2Fwp%2Fv2%2Ftags&post=23705"}],"curies":[{"name":"wp","href":"https:\/\/api.w.org\/{rel}","templated":true}]}}