{"id":23706,"date":"2018-01-10T09:29:06","date_gmt":"2018-01-10T14:29:06","guid":{"rendered":"http:\/\/www.revistazetta.com\/?p=23706"},"modified":"2018-01-10T09:29:06","modified_gmt":"2018-01-10T14:29:06","slug":"marta-lucia-ramirez-pide-expresidentes-pastrana-uribe-convocar-urgencia-una-reunion-definir-coalicion","status":"publish","type":"post","link":"https:\/\/revistazetta.com\/?p=23706","title":{"rendered":"Marta Luc\u00eda Ram\u00edrez pide a expresidentes Pastrana y Uribe convocar con urgencia una reuni\u00f3n para definir coalici\u00f3n"},"content":{"rendered":"<blockquote><p><em>&#8211;\u201cTenemos la responsabilidad de lograr la reconstrucci\u00f3n de Colombia y sacarla de la crisis\u201d.<\/em><\/p>\n<p><em>&#8212; \u201cDebemos concentrar los esfuerzos de todos en construir confianza entre los miembros de la coalici\u00f3n, en lugar de tener af\u00e1n de promover agendas individuales\u201d.<\/em><\/p><\/blockquote>\n<p>La precandidata presidencial, Marta Luc\u00eda Ram\u00edrez, pidi\u00f3 este martes a los expresidentes Andr\u00e9s Pastrana y \u00c1lvaro Uribe, convocar con urgencia una reuni\u00f3n conjunta con todos los interesados en la coalici\u00f3n para la reconstrucci\u00f3n de Colombia, donde se defina el mecanismo y el programa detallado, que permita ganarles a los dem\u00e1s contendores en las pr\u00f3ximas elecciones.<\/p>\n<p>&nbsp;<\/p>\n<p>\u201cPara que esta coalici\u00f3n se consolide de manera oportuna y responsable con el momento hist\u00f3rico que vive el pa\u00eds, debe haber un di\u00e1logo directo, franco, fluido y sobre todo respetuoso, de los diferentes puntos de vista de quienes la conformamos\u201d, se\u00f1ala Marta Luc\u00eda en una carta enviada a los expresidentes.<\/p>\n<p>&nbsp;<\/p>\n<p>\u201cDebemos concentrar los esfuerzos de todos en construir confianza entre los miembros de la coalici\u00f3n, en lugar de tener af\u00e1n de promover agendas individuales, pretender la superioridad de ninguno, o caer en descalificaciones personales destempladas, cuando el prop\u00f3sito com\u00fan es el de servir correctamente a nuestro pa\u00eds\u201d, dijo.<\/p>\n<p>&nbsp;<\/p>\n<p>Ram\u00edrez reiter\u00f3 que es importante definir esa alianza para iniciar a recorrer el pa\u00eds mostrando las tesis y propuestas \u201ccon las cuales aspiramos a reconstruir la confianza y la institucionalidad que nos permitan convertir a Colombia en una potencia regional fuerte y alcanzar el futuro de prosperidad y esperanza que nuestros hijos y nosotros merecemos\u201d.<\/p>\n<p>&nbsp;<\/p>\n<p>Consider\u00f3 que la mec\u00e1nica y el proceso pueden definirse sin mayor dificultad, si existe voluntad de parte de todos y disposici\u00f3n a construir un equipo no s\u00f3lo para ganar una elecci\u00f3n, sino para gobernar juntos y promover dentro de esta alianza nuevos liderazgos que aseguren una l\u00ednea de sucesi\u00f3n para los pr\u00f3ximos gobiernos.<\/p>\n<p>&nbsp;<\/p>\n<p>\u201cLamentablemente el tiempo pasa y pasa y tanto los titulares de prensa, como el intercambio epistolar, pueden deteriorar la confianza y la armon\u00eda entre un equipo que debe pensar en grande, porque el desaf\u00edo que tenemos es mayor y la responsabilidad con el futuro de Colombia inmensa\u201d, dijo la candidata.<\/p>\n<p>&nbsp;<\/p>\n<p>Marta Luc\u00eda reiter\u00f3 que \u201ctenemos la responsabilidad de lograr la reconstrucci\u00f3n de Colombia y sacarla de la crisis actual bajo el compromiso de todos los colombianos de respetar el imperio de la ley, fortalecer las instituciones, promover la inversi\u00f3n privada y la generaci\u00f3n de riqueza que permita crear m\u00e1s empleos, para reducir as\u00ed al m\u00ednimo, los niveles inaceptables de pobreza, informalidad y de desigualdad social\u201d.<\/p>\n<p>&nbsp;<\/p>\n<p>ADJUNTO CARTA Y LINK DE VIDEO<\/p>\n<p><a href=\"https:\/\/www.youtube.com\/watch?v=wGhrvyMmoK0&amp;feature=youtu.be\" data-saferedirecturl=\"https:\/\/www.google.com\/url?hl=es&amp;q=https:\/\/www.youtube.com\/watch?v%3DwGhrvyMmoK0%26feature%3Dyoutu.be&amp;source=gmail&amp;ust=1515680801043000&amp;usg=AFQjCNH2I_ZzdYGmehA7i7mABmh1Ix2_9w\" target=\"_blank\" rel=\"noopener\">https:\/\/www.youtube.com\/watch?v=wGhrvyMmoK0&amp;feature=youtu.be<\/a><\/p>\n","protected":false},"excerpt":{"rendered":"<p>&#8211;\u201cTenemos la responsabilidad de lograr la reconstrucci\u00f3n de Colombia y sacarla de la crisis\u201d. &#8212; \u201cDebemos concentrar los esfuerzos de todos en construir confianza entre los miembros de la coalici\u00f3n, en lugar de tener af\u00e1n de promover agendas individuales\u201d. La precandidata presidencial, Marta Luc\u00eda Ram\u00edrez, pidi\u00f3 este martes a los expresidentes Andr\u00e9s Pastrana y \u00c1lvaro Uribe, convocar con urgencia una reuni\u00f3n conjunta con todos los interesados en la coalici\u00f3n para la reconstrucci\u00f3n de Colombia, donde se defina el mecanismo y el programa detallado, que permita ganarles a los dem\u00e1s contendores&#8230; <\/p>\n","protected":false},"author":3,"featured_media":23707,"comment_status":"open","ping_status":"closed","sticky":false,"template":"","format":"standard","meta":{"footnotes":"","_links_to":"","_links_to_target":""},"categories":[75,26,4],"tags":[],"class_list":["post-23706","post","type-post","status-publish","format-standard","has-post-thumbnail","hentry","category-destacada","category-politica-noticias","category-politica"],"_links":{"self":[{"href":"https:\/\/revistazetta.com\/index.php?rest_route=\/wp\/v2\/posts\/23706","targetHints":{"allow":["GET"]}}],"collection":[{"href":"https:\/\/revistazetta.com\/index.php?rest_route=\/wp\/v2\/posts"}],"about":[{"href":"https:\/\/revistazetta.com\/index.php?rest_route=\/wp\/v2\/types\/post"}],"author":[{"embeddable":true,"href":"https:\/\/revistazetta.com\/index.php?rest_route=\/wp\/v2\/users\/3"}],"replies":[{"embeddable":true,"href":"https:\/\/revistazetta.com\/index.php?rest_route=%2Fwp%2Fv2%2Fcomments&post=23706"}],"version-history":[{"count":0,"href":"https:\/\/revistazetta.com\/index.php?rest_route=\/wp\/v2\/posts\/23706\/revisions"}],"wp:featuredmedia":[{"embeddable":true,"href":"https:\/\/revistazetta.com\/index.php?rest_route=\/wp\/v2\/media\/23707"}],"wp:attachment":[{"href":"https:\/\/revistazetta.com\/index.php?rest_route=%2Fwp%2Fv2%2Fmedia&parent=23706"}],"wp:term":[{"taxonomy":"category","embeddable":true,"href":"https:\/\/revistazetta.com\/index.php?rest_route=%2Fwp%2Fv2%2Fcategories&post=23706"},{"taxonomy":"post_tag","embeddable":true,"href":"https:\/\/revistazetta.com\/index.php?rest_route=%2Fwp%2Fv2%2Ftags&post=23706"}],"curies":[{"name":"wp","href":"https:\/\/api.w.org\/{rel}","templated":true}]}}