{"id":23713,"date":"2018-01-10T09:51:30","date_gmt":"2018-01-10T14:51:30","guid":{"rendered":"http:\/\/www.revistazetta.com\/?p=23713"},"modified":"2018-01-10T09:52:35","modified_gmt":"2018-01-10T14:52:35","slug":"gobernador-bolivar-decreta-elecciones-alcalde-santa-catalina","status":"publish","type":"post","link":"https:\/\/revistazetta.com\/?p=23713","title":{"rendered":"Gobernador de Bol\u00edvar convoca elecciones para alcalde de Santa Catalina"},"content":{"rendered":"<div>Por medio del decreto 04 del 3 de enero de 2018, el gobernador de Bol\u00edvar, Dumek Turbay, convoca a elecciones del alcalde de Santa Catalina, para el domingo 15 de abril de 2018, luego de que el pasado 18 de septiembre mediante un fallo, el Tribunal Administrativo de Bol\u00edvar, ordenara declarar la nulidad del acto de elecci\u00f3n del se\u00f1or Salom\u00f3n Castro Cantillo, como alcalde de ese municipio para el per\u00edodo 2016-2019.<\/div>\n<div><\/div>\n<div>El decreto deja claro que las elecciones deben realizarse el pr\u00f3ximo 15 de abril en las 7 mesas del puesto de votaci\u00f3n del corregimiento de Loma Arena y en la mesa n\u00famero dos, del puesto de votaci\u00f3n del corregimiento de Pueblo Nuevo, todo esto, conforme a la sentencia del Honorable Tribunal Administrativo de Bol\u00edvar.<\/div>\n<div><\/div>\n<div>La constituci\u00f3n pol\u00edtica de Colombia establece en su art\u00edculo 314, que siempre que se presente falta absoluta a m\u00e1s de 18 meses de la terminaci\u00f3n del per\u00edodo, se elegir\u00e1 alcalde para el tiempo que reste.<\/div>\n<div><\/div>\n<div>El decreto, que consta de 4 art\u00edculos, establece tambi\u00e9n, que se comunique su contenido a las autoridades pol\u00edticas y miliares de la jurisdicci\u00f3n respectiva.<\/div>\n<div><\/div>\n<div>Adem\u00e1s el mandatario reitera mediante el decreto al Partido Cambio Radical para que env\u00ede terna de candidatos de esa colectividad para proferir la designaci\u00f3n del municipio de Santa Catalina.<\/div>\n","protected":false},"excerpt":{"rendered":"<p>Por medio del decreto 04 del 3 de enero de 2018, el gobernador de Bol\u00edvar, Dumek Turbay, convoca a elecciones del alcalde de Santa Catalina, para el domingo 15 de abril de 2018, luego de que el pasado 18 de septiembre mediante un fallo, el Tribunal Administrativo de Bol\u00edvar, ordenara declarar la nulidad del acto de elecci\u00f3n del se\u00f1or Salom\u00f3n Castro Cantillo, como alcalde de ese municipio para el per\u00edodo 2016-2019. El decreto deja claro que las elecciones deben realizarse el pr\u00f3ximo 15 de abril en las 7 mesas del&#8230; <\/p>\n","protected":false},"author":3,"featured_media":23714,"comment_status":"open","ping_status":"closed","sticky":false,"template":"","format":"standard","meta":{"footnotes":"","_links_to":"","_links_to_target":""},"categories":[75,4],"tags":[],"class_list":["post-23713","post","type-post","status-publish","format-standard","has-post-thumbnail","hentry","category-destacada","category-politica"],"_links":{"self":[{"href":"https:\/\/revistazetta.com\/index.php?rest_route=\/wp\/v2\/posts\/23713","targetHints":{"allow":["GET"]}}],"collection":[{"href":"https:\/\/revistazetta.com\/index.php?rest_route=\/wp\/v2\/posts"}],"about":[{"href":"https:\/\/revistazetta.com\/index.php?rest_route=\/wp\/v2\/types\/post"}],"author":[{"embeddable":true,"href":"https:\/\/revistazetta.com\/index.php?rest_route=\/wp\/v2\/users\/3"}],"replies":[{"embeddable":true,"href":"https:\/\/revistazetta.com\/index.php?rest_route=%2Fwp%2Fv2%2Fcomments&post=23713"}],"version-history":[{"count":0,"href":"https:\/\/revistazetta.com\/index.php?rest_route=\/wp\/v2\/posts\/23713\/revisions"}],"wp:featuredmedia":[{"embeddable":true,"href":"https:\/\/revistazetta.com\/index.php?rest_route=\/wp\/v2\/media\/23714"}],"wp:attachment":[{"href":"https:\/\/revistazetta.com\/index.php?rest_route=%2Fwp%2Fv2%2Fmedia&parent=23713"}],"wp:term":[{"taxonomy":"category","embeddable":true,"href":"https:\/\/revistazetta.com\/index.php?rest_route=%2Fwp%2Fv2%2Fcategories&post=23713"},{"taxonomy":"post_tag","embeddable":true,"href":"https:\/\/revistazetta.com\/index.php?rest_route=%2Fwp%2Fv2%2Ftags&post=23713"}],"curies":[{"name":"wp","href":"https:\/\/api.w.org\/{rel}","templated":true}]}}