{"id":23719,"date":"2018-01-11T07:36:37","date_gmt":"2018-01-11T12:36:37","guid":{"rendered":"http:\/\/www.revistazetta.com\/?p=23719"},"modified":"2018-01-11T07:36:37","modified_gmt":"2018-01-11T12:36:37","slug":"la-ciudad-la-esperanza-acoge-becas-los-pilos-cartagena","status":"publish","type":"post","link":"https:\/\/revistazetta.com\/?p=23719","title":{"rendered":"La Ciudad de la Esperanza acoge con becas a los Pilos de Cartagena"},"content":{"rendered":"<p>La esperanza de asegurar una carrera universitaria ser\u00e1 una realidad para 30 estudiantes cartageneros, beneficiarios de la beca distrital Ser Pilo Cartagena, a quienes la Secretar\u00eda de Educaci\u00f3n Distrital les dio la bienvenida a su nueva etapa acad\u00e9mica.<\/p>\n<p>\u201cEstoy convencido en que ustedes le sacar\u00e1n provecho a este premio y ser\u00e1n ejemplo de otros j\u00f3venes\u201d, dijo Jaime Hern\u00e1ndez Am\u00edn, secretario de Educaci\u00f3n Distrital, al presidir la ceremonia de bienvenida en el auditorio de la SED.<\/p>\n<p>&nbsp;<\/p>\n<p>La Alcald\u00eda de Cartagena dispuso un fondo de $1.000 millones para este est\u00edmulo acad\u00e9mico, que busca otorgar cr\u00e9ditos educativos, 100% condonables, para cubrir los costos de matr\u00edcula de los mejores bachilleres egresados de las Instituciones Educativas Oficiales y no oficiales con modalidad de matr\u00edcula contratada del Distrito de Cartagena y que se encuentren inscritos en el Sisben con un puntaje entre 0 y 80 puntos.<\/p>\n<p>Los beneficiarios cursar\u00e1n programas de pregrado en los niveles t\u00e9cnico, tecnol\u00f3gico y universitario en Instituciones de Educaci\u00f3n Superior IES aprobadas por el Ministerio de Educaci\u00f3n Nacional, que se encuentren ubicadas en el Distrito de Cartagena.<\/p>\n<p>\u201cSer\u00e1n embajadores encargados de demostrar que el este programa funciona y que la educaci\u00f3n es el camino para ser mejores personas y ciudadanos. Los felicito y espero que se como ustedes cada vez m\u00e1s estudiantes sean merecedores de premios como este\u00bb, puntualiz\u00f3 el Secretario de Educaci\u00f3n Distrital.<\/p>\n<p>\u00abDeben empoderarse de este logro y seguir esforz\u00e1ndose para lograr sus metas y generar mentes e ideas nuevas que transformen positivamente la ciudad\u00bb, se\u00f1al\u00f3, a su vez, Mar\u00eda Eugenia Garc\u00eda, asesora de Educaci\u00f3n Superior de la SED.<\/p>\n<p>Bleydis Mar\u00eda Guiot Olmos, beneficiaria de la instituci\u00f3n educativa Soledad Rom\u00e1n de N\u00fa\u00f1ez, expres\u00f3 que \u201cesta oportunidad es muy grande para m\u00ed, porque puedo seguir mis estudios profesionales, y la aprovechar\u00e9 de la mejor manera para ser una ciudadana de la esperanza\u201d.<\/p>\n<p>Brayan Novoa Castelblanco, de CASD Manuela Beltr\u00e1n, indic\u00f3 que \u201cme siento muy feliz de haber logrado este m\u00e9rito, pues vengo de una familia de limitados recursos econ\u00f3micos y esta beca me ayuda much\u00edsimo\u201d.<\/p>\n<p>Seg\u00fan el reglamento de esta beca distrital, el valor de matr\u00edcula por semestre no puede superar los 7 SMMLV. Adem\u00e1s, habr\u00e1 un\u00a0subsidio de sostenimiento\u00a0dirigido para estudiantes graduados de Instituciones de Educaci\u00f3n Oficiales rurales y este ser\u00e1 de\u00a0 3 SMMLV por semestre.<\/p>\n<p>En la ceremonia se hizo un reconocimiento a las universidades participantes, que adem\u00e1s ofrecen un descuento del 30% del valor\u00a0 de la matr\u00edcula: Universidad Tecnol\u00f3gica de Bol\u00edvar, Universidad de Cartagena,\u00a0Universidad de San Buenaventura,Instituci\u00f3n Tecnol\u00f3gica Colegio Mayor de Bol\u00edvar, Instituci\u00f3n Universitaria Bellas Artes y Ciencias de Bol\u00edvar, Fundaci\u00f3n Universitaria Tecnol\u00f3gico Comfenalco, Fundaci\u00f3n Universitaria Colombo Internacional-Unicolombo.<\/p>\n<p>Luego del proceso de revisi\u00f3n y selecci\u00f3n de los mejores puntajes ICFES de las IEO \u2013 SED, lo que viene es la etapa de inscripciones en p\u00e1gina ICETEX, del 22 al 27 de enero. Despu\u00e9s vendr\u00e1n las legalizaciones del 7 febrero al 09 de marzo.<\/p>\n<p>Este es el listado oficial de los estudiantes egresados en el 2017, seleccionados para Becas Ser Pilo Cartagena, quienes fueron los siguientes:<\/p>\n<table width=\"383\">\n<tbody>\n<tr>\n<td width=\"195\"><strong>NOMBRES<\/strong><\/td>\n<td width=\"188\"><strong>INSTITUCIONES<\/strong><\/td>\n<\/tr>\n<tr>\n<td width=\"195\">MARTINEZ MESTRA DIVANYS TATIANA<\/td>\n<td width=\"188\">NUEVA AM\u00c9RICA<\/td>\n<\/tr>\n<tr>\n<td width=\"195\">\u00a0GUIOT OLMOS BLEYDIS MARIA<\/td>\n<td width=\"188\">SOLEDAD ROM\u00c1N DE NU\u00d1EZ<\/td>\n<\/tr>\n<tr>\n<td width=\"195\">VELASQUEZ FAJARDO DANIEL ESTEBAN<\/td>\n<td width=\"188\">OLGA GONZALEZ ARRAUT<\/td>\n<\/tr>\n<tr>\n<td width=\"195\">NOVOA CASTELBLANCO BRAYAN<\/td>\n<td width=\"188\">CASD MANUELA BELTR\u00c1N<\/td>\n<\/tr>\n<tr>\n<td width=\"195\">NARVAEZ POSADA MARIA DE LOS ANGELES<\/td>\n<td width=\"188\">MAR\u00cdA AUXILIADORA<\/td>\n<\/tr>\n<tr>\n<td width=\"195\">MU\u00d1OZ MARTINEZ LUIS ANGEL<\/td>\n<td width=\"188\">RAFAEL NU\u00d1EZ<\/td>\n<\/tr>\n<tr>\n<td width=\"195\">GONZALEZ RAMIREZ JESUS DAVID<\/td>\n<td width=\"188\">INEM<\/td>\n<\/tr>\n<tr>\n<td width=\"195\">ARRIETA LADEUTH LUISA MARIA<\/td>\n<td width=\"188\">SOLEDAD ACOSTA DE SAMPER<\/td>\n<\/tr>\n<tr>\n<td width=\"195\">SANABRIA RAMIREZ LAURA VALENTINA<\/td>\n<td width=\"188\">BERTHA GEDEON DE BALADI<\/td>\n<\/tr>\n<tr>\n<td width=\"195\">MONTALVO CARRILLO SERGIO DAVID<\/td>\n<td width=\"188\">SAN FRANCISCO DE ASIS<\/td>\n<\/tr>\n<tr>\n<td width=\"195\">GONZALEZ MARTINEZ JUAN FELIPE<\/td>\n<td width=\"188\">JOHN F. KENNEDY<\/td>\n<\/tr>\n<tr>\n<td width=\"195\">HERNANDEZ MEZA HEIMY PAOLA<\/td>\n<td width=\"188\">PROMOCI\u00d3N SOCIAL DE CARTAGENA<\/td>\n<\/tr>\n<tr>\n<td width=\"195\">CARDENAS VALENCIA CARLOS DANIEL<\/td>\n<td width=\"188\">FUNDACI\u00d3N EDUCATIVA INSTITUTO ECOL\u00d3GICO BARBACOAS<\/td>\n<\/tr>\n<tr>\n<td width=\"195\">HERRERA GUZMAN SHAIRIELYS<\/td>\n<td width=\"188\">BOQUILLA<\/td>\n<\/tr>\n<tr>\n<td width=\"195\">NEGRETE SOTO CALEB<\/td>\n<td width=\"188\">T\u00c9CNICA DE PASACABALLOS<\/td>\n<\/tr>\n<tr>\n<td width=\"195\">REBOLLEDO PE\u00d1A RONALDO ANDRES<\/td>\n<td width=\"188\">BAYUNCA<\/td>\n<\/tr>\n<tr>\n<td width=\"195\">CASTRO CARABALLO FAIZURY<\/td>\n<td width=\"188\">SAN JOS\u00c9 CA\u00d1O DEL ORO<\/td>\n<\/tr>\n<tr>\n<td width=\"195\">MONTERROSA JIMENEZ YESENIA<\/td>\n<td width=\"188\">ARROYO DE PIEDRA<\/td>\n<\/tr>\n<tr>\n<td width=\"195\">AMARIS ARIAS ANDERSON<\/td>\n<td width=\"188\">HNO ANTONIO RAMOS<\/td>\n<\/tr>\n<tr>\n<td width=\"195\">DAVID ZABALETA JUAN SEBASTIAN<\/td>\n<td width=\"188\">LICEO BOL\u00cdVAR<\/td>\n<\/tr>\n<tr>\n<td width=\"195\">CASSERES SANCHEZ SAMIR<\/td>\n<td width=\"188\">ANTONIA SANTOS<\/td>\n<\/tr>\n<tr>\n<td width=\"195\">ARAQUE HENRIQUEZ GUSTAVO ADOLFO<\/td>\n<td width=\"188\">ANA MAR\u00cdA V\u00c9LEZ TRUJILLO<\/td>\n<\/tr>\n<tr>\n<td width=\"195\">BERMUDES MARTELO VERONICA<\/td>\n<td width=\"188\">JOS\u00c9 DE LA VEGA<\/td>\n<\/tr>\n<tr>\n<td width=\"195\">ZU\u00d1IGA MORELO CRISTIAN DAVID<\/td>\n<td width=\"188\">SANTA MAR\u00cdA<\/td>\n<\/tr>\n<tr>\n<td width=\"195\">MACHACON BLANQUICETT DANIEL JOSE<\/td>\n<td width=\"188\">NUESTRA SE\u00d1ORA DEL CARMEN<\/td>\n<\/tr>\n<tr>\n<td width=\"195\">CAMPO RIPOLL JULIO CLAVER<\/td>\n<td width=\"188\">LAS GAVIOTAS<\/td>\n<\/tr>\n<tr>\n<td width=\"195\">MONTERROSA RICO ISAAC ALEXANDER<\/td>\n<td width=\"188\">MODERNO DEL NORTE<\/td>\n<\/tr>\n<tr>\n<td width=\"195\">HERNANDEZ MARRUGO LAURA VANESSA<\/td>\n<td width=\"188\">CIUDAD DE TUNJA<\/td>\n<\/tr>\n<tr>\n<td width=\"195\">SALAZAR BUSTILLO MAULIS TATIANA<\/td>\n<td width=\"188\">LUIS CARLOS GAL\u00c1N SARMIENTO<\/td>\n<\/tr>\n<tr>\n<td width=\"195\">DALMAUX AMARANTO DEYKER JOSE<\/td>\n<td width=\"188\">FE Y ALEGRIA LAS AM\u00c9RICAS<\/td>\n<\/tr>\n<\/tbody>\n<\/table>\n","protected":false},"excerpt":{"rendered":"<p>La esperanza de asegurar una carrera universitaria ser\u00e1 una realidad para 30 estudiantes cartageneros, beneficiarios de la beca distrital Ser Pilo Cartagena, a quienes la Secretar\u00eda de Educaci\u00f3n Distrital les dio la bienvenida a su nueva etapa acad\u00e9mica. \u201cEstoy convencido en que ustedes le sacar\u00e1n provecho a este premio y ser\u00e1n ejemplo de otros j\u00f3venes\u201d, dijo Jaime Hern\u00e1ndez Am\u00edn, secretario de Educaci\u00f3n Distrital, al presidir la ceremonia de bienvenida en el auditorio de la SED. &nbsp; La Alcald\u00eda de Cartagena dispuso un fondo de $1.000 millones para este est\u00edmulo acad\u00e9mico,&#8230; <\/p>\n","protected":false},"author":3,"featured_media":23720,"comment_status":"open","ping_status":"closed","sticky":false,"template":"","format":"standard","meta":{"footnotes":"","_links_to":"","_links_to_target":""},"categories":[75,32],"tags":[],"class_list":["post-23719","post","type-post","status-publish","format-standard","has-post-thumbnail","hentry","category-destacada","category-actualidad-distrito"],"_links":{"self":[{"href":"https:\/\/revistazetta.com\/index.php?rest_route=\/wp\/v2\/posts\/23719","targetHints":{"allow":["GET"]}}],"collection":[{"href":"https:\/\/revistazetta.com\/index.php?rest_route=\/wp\/v2\/posts"}],"about":[{"href":"https:\/\/revistazetta.com\/index.php?rest_route=\/wp\/v2\/types\/post"}],"author":[{"embeddable":true,"href":"https:\/\/revistazetta.com\/index.php?rest_route=\/wp\/v2\/users\/3"}],"replies":[{"embeddable":true,"href":"https:\/\/revistazetta.com\/index.php?rest_route=%2Fwp%2Fv2%2Fcomments&post=23719"}],"version-history":[{"count":0,"href":"https:\/\/revistazetta.com\/index.php?rest_route=\/wp\/v2\/posts\/23719\/revisions"}],"wp:featuredmedia":[{"embeddable":true,"href":"https:\/\/revistazetta.com\/index.php?rest_route=\/wp\/v2\/media\/23720"}],"wp:attachment":[{"href":"https:\/\/revistazetta.com\/index.php?rest_route=%2Fwp%2Fv2%2Fmedia&parent=23719"}],"wp:term":[{"taxonomy":"category","embeddable":true,"href":"https:\/\/revistazetta.com\/index.php?rest_route=%2Fwp%2Fv2%2Fcategories&post=23719"},{"taxonomy":"post_tag","embeddable":true,"href":"https:\/\/revistazetta.com\/index.php?rest_route=%2Fwp%2Fv2%2Ftags&post=23719"}],"curies":[{"name":"wp","href":"https:\/\/api.w.org\/{rel}","templated":true}]}}