{"id":23724,"date":"2018-01-11T22:15:24","date_gmt":"2018-01-12T03:15:24","guid":{"rendered":"http:\/\/www.revistazetta.com\/?p=23724"},"modified":"2018-01-11T22:15:24","modified_gmt":"2018-01-12T03:15:24","slug":"abiertas-las-inscripciones-del-festival-gastronomico-del-frito-cartagenero-2018","status":"publish","type":"post","link":"https:\/\/revistazetta.com\/?p=23724","title":{"rendered":"Abiertas las inscripciones del Festival Gastron\u00f3mico del Frito cartagenero 2018"},"content":{"rendered":"<blockquote><p><em>Una de las m\u00e1s esperadas citas gastron\u00f3micas inicia el pr\u00f3ximo 24 de enero hasta el 4 de febrero, cerca al monumento de los Zapatos Viejos.<\/em><\/p><\/blockquote>\n<p>Hasta el 15 de enero estar\u00e1n abiertas las inscripciones, para quienes deseen participar en la trig\u00e9sima cuarta versi\u00f3n del Festival del Frito.<\/p>\n<p>Solo ser\u00e1n permitidos 4 auxiliares por aspirante. Una vez diligenciado el formulario, deben anexar la siguiente documentaci\u00f3n:<\/p>\n<ul>\n<li>Fotocopia de la c\u00e9dula del participante y auxiliares.<\/li>\n<li>Fotocopia del RUT vigente del participante.<\/li>\n<li>Dos fotos tama\u00f1o c\u00e9dula de cada uno.<\/li>\n<li>Fotocopia de afiliaci\u00f3n a salud de participante y auxiliares.<\/li>\n<li>Certificado m\u00e9dico y ex\u00e1menes de cada participante y auxiliares (koh u\u00f1as, coprol\u00f3gico y frotis de garganta).<\/li>\n<\/ul>\n<p>Estos documentos deben ser entregados en las instalaciones del IPCC, ubicadas en el Centro, Calle Larga # 9A \u2013 47, hasta el 15 de enero de 2017.<\/p>\n<p>El d\u00eda 19 de enero de 2018 ser\u00e1 publicada la lista de admitidos al Festival en la p\u00e1gina web de IPCC, los criterios de selecci\u00f3n se dan teniendo en cuenta el cumplimiento de los aspirantes con los ex\u00e1menes m\u00e9dicos, sus resultados y las normas de higiene y manipulaci\u00f3n de alimentos.<\/p>\n<p>El Festival del Frito contar\u00e1 con 40 mesas inscritas y 5 cupos para invitados especiales, como restaurantes que mostrar\u00e1n sus productos gastron\u00f3micos. Esta decisi\u00f3n se tom\u00f3 teniendo en cuenta la log\u00edstica del sitio y siguiendo las recomendaciones del Dadis.<\/p>\n<p>\u201cEl Festival del Frito en 2018 viene recargado con muchas m\u00e1s oportunidades de emprendimiento para nuestras matronas, fortalecimiento del saber gastron\u00f3mico cartagenero. Por eso, esperamos seguir contando con la participaci\u00f3n masiva de esos miles de cartageneros que a\u00f1o tras a\u00f1os se agolpan a degustar los mejores fritos de esta temporada\u201d, asegur\u00f3 la directora del IPCC, Berta Arnedo.<\/p>\n<p>El lanzamiento del Festival se realizar\u00e1 el 22 de enero en los bajos de la Alcald\u00eda con una degustaci\u00f3n gastron\u00f3mica. Ag\u00e9ndate y prepara tu paladar para los mejores fritos de Cartagena.<\/p>\n","protected":false},"excerpt":{"rendered":"<p>Una de las m\u00e1s esperadas citas gastron\u00f3micas inicia el pr\u00f3ximo 24 de enero hasta el 4 de febrero, cerca al monumento de los Zapatos Viejos. Hasta el 15 de enero estar\u00e1n abiertas las inscripciones, para quienes deseen participar en la trig\u00e9sima cuarta versi\u00f3n del Festival del Frito. Solo ser\u00e1n permitidos 4 auxiliares por aspirante. Una vez diligenciado el formulario, deben anexar la siguiente documentaci\u00f3n: Fotocopia de la c\u00e9dula del participante y auxiliares. Fotocopia del RUT vigente del participante. Dos fotos tama\u00f1o c\u00e9dula de cada uno. Fotocopia de afiliaci\u00f3n a salud&#8230; <\/p>\n","protected":false},"author":3,"featured_media":23725,"comment_status":"open","ping_status":"closed","sticky":false,"template":"","format":"standard","meta":{"footnotes":"","_links_to":"","_links_to_target":""},"categories":[41,58,75],"tags":[],"class_list":["post-23724","post","type-post","status-publish","format-standard","has-post-thumbnail","hentry","category-cultura","category-cocina","category-destacada"],"_links":{"self":[{"href":"https:\/\/revistazetta.com\/index.php?rest_route=\/wp\/v2\/posts\/23724","targetHints":{"allow":["GET"]}}],"collection":[{"href":"https:\/\/revistazetta.com\/index.php?rest_route=\/wp\/v2\/posts"}],"about":[{"href":"https:\/\/revistazetta.com\/index.php?rest_route=\/wp\/v2\/types\/post"}],"author":[{"embeddable":true,"href":"https:\/\/revistazetta.com\/index.php?rest_route=\/wp\/v2\/users\/3"}],"replies":[{"embeddable":true,"href":"https:\/\/revistazetta.com\/index.php?rest_route=%2Fwp%2Fv2%2Fcomments&post=23724"}],"version-history":[{"count":0,"href":"https:\/\/revistazetta.com\/index.php?rest_route=\/wp\/v2\/posts\/23724\/revisions"}],"wp:featuredmedia":[{"embeddable":true,"href":"https:\/\/revistazetta.com\/index.php?rest_route=\/wp\/v2\/media\/23725"}],"wp:attachment":[{"href":"https:\/\/revistazetta.com\/index.php?rest_route=%2Fwp%2Fv2%2Fmedia&parent=23724"}],"wp:term":[{"taxonomy":"category","embeddable":true,"href":"https:\/\/revistazetta.com\/index.php?rest_route=%2Fwp%2Fv2%2Fcategories&post=23724"},{"taxonomy":"post_tag","embeddable":true,"href":"https:\/\/revistazetta.com\/index.php?rest_route=%2Fwp%2Fv2%2Ftags&post=23724"}],"curies":[{"name":"wp","href":"https:\/\/api.w.org\/{rel}","templated":true}]}}