{"id":23731,"date":"2018-01-13T08:37:26","date_gmt":"2018-01-13T13:37:26","guid":{"rendered":"http:\/\/www.revistazetta.com\/?p=23731"},"modified":"2018-01-13T08:37:26","modified_gmt":"2018-01-13T13:37:26","slug":"nuevos-buses-rutas-transcaribe-te-conecte-mas","status":"publish","type":"post","link":"https:\/\/revistazetta.com\/?p=23731","title":{"rendered":"Nuevos buses y rutas para que Transcaribe te conecte m\u00e1s"},"content":{"rendered":"<p><img loading=\"lazy\" decoding=\"async\" class=\"alignright size-medium wp-image-23733\" src=\"https:\/\/www.revistazetta.com\/wp-content\/uploads\/2018\/01\/transcaribe-alcalde1-300x188.jpg\" alt=\"\" width=\"300\" height=\"188\" srcset=\"https:\/\/revistazetta.com\/wp-content\/uploads\/2018\/01\/transcaribe-alcalde1-300x188.jpg 300w, https:\/\/revistazetta.com\/wp-content\/uploads\/2018\/01\/transcaribe-alcalde1.jpg 1024w, https:\/\/revistazetta.com\/wp-content\/uploads\/2018\/01\/transcaribe-alcalde1-234x146.jpg 234w, https:\/\/revistazetta.com\/wp-content\/uploads\/2018\/01\/transcaribe-alcalde1-50x31.jpg 50w, https:\/\/revistazetta.com\/wp-content\/uploads\/2018\/01\/transcaribe-alcalde1-120x75.jpg 120w\" sizes=\"auto, (max-width: 300px) 100vw, 300px\" \/>Con la aumento de su flota de buses, el fortalecimiento y ampliaci\u00f3n de la cobertura de sus rutas, el Sistema Integrado de Transporte Masivo, SITM, de Cartagena, Transcaribe, este 2018 trabajar\u00e1 para optimizar la movilidad de los cartageneros y visitantes, contribuyendo a una mejor calidad de vida al disminuir los tiempos de sus desplazamientos a sus sitios de trabajo y hogares.<\/p>\n<p>\u201cDesde el tiempo que tiene operando Transcaribe, este servicio reduce el tiempo de viaje a los usuarios y de tr\u00e1fico en la ciudad, disminuye costos de transporte y valoriza los predios. Aumenta la seguridad vial y reduce la poluci\u00f3n, porque funciona a gas natural y es un ejemplo para Colombia y para el mundo. Porque genera sentido de pertenencia y orgullo, fomenta y crea respeto en los ciudadanos\u201d, dijo en conferencia de prensa el alcalde Sergio Londo\u00f1o, quien revel\u00f3 una serie de avances y buenas noticias del sistema en el 2018 para beneficio de los miles de usuarios que tiene el SITM.<\/p>\n<p>Con los nuevos buses que llegar\u00e1n de manera gradual a la ciudad para ampliar la flota del Sistema Integrado, se mejorar\u00e1 la movilidad y la calidad de vida de los cartageneros.<\/p>\n<p>Este a\u00f1o, el sistema movilizar\u00e1 unos\u00a0200 mil pasajeros diariamente. Habr\u00e1 ampliaci\u00f3n de la cobertura de rutas se fortalecer\u00e1n las rutas existentes. Igualmente desintegrar\u00e1n buses, lo que mejore el tr\u00e1nsito en las principales v\u00edas de la ciudad.<\/p>\n<p>Adicionalmente, con la llegada de los nuevos buses, en una primera fase se crean 200 vacantes, para lo cual los interesados deben inscribir su hoja de vida en el portal web de la Alcald\u00eda\u00a0www.cartagena.gov.co\u00a0y cumplir los siguientes requisitos: tener licencia de conducci\u00f3n C2, C3; t\u00edtulo de bachiller, experiencia m\u00ednima de 2 a\u00f1os certificados en operaci\u00f3n de veh\u00edculos tipo bus o cami\u00f3n.<\/p>\n<p>&nbsp;<\/p>\n<p>&nbsp;<\/p>\n<p>El mandatario en la conferencia de prensa dijo que \u00abtanto nos han hablado sobre el sistema en s\u00ed, que nos preguntamos \u00bfAja, para cuando llegan los buses y las rutas?\u00bb.<\/p>\n<p>Esta pregunta la respondi\u00f3 el Jefe de Operaci\u00f3n de Transcaribe, Freddy Sarmiento, quien asegur\u00f3 que este a\u00f1o entrar\u00e1n al Sistema Integrado 177 veh\u00edculos.<\/p>\n<p>En la primera fase llegar\u00e1n 18 busetones y \u00a048 padrones que se incorporar\u00e1n a las rutas alimentadoras en marzo con dos nuevas rutas alimentadores \u00a0que cubrir\u00e1n Flor del Campo \u2013 Cordialidad y Universidad Tecnol\u00f3gica &#8211; Socorro. Ya en la ciudad, han llegado desde Pereira donde se ensamblan, 9 buses nuevos.<\/p>\n<p>Su alistamiento para entrar en operaci\u00f3n se estima dure dos meses, tiempo en el cual se matr\u00edcula, se instalan los equipos de recaudo y hacen pruebas operativas, dijo el Jefe de Operaciones de Transcaribe.<\/p>\n<p>Durante las siguientes semanas\u00a0 llegar\u00e1n buses articulados y posteriormente, en \u00a0la segunda fase, se trasladar\u00e1n 30 buses y 69 padrones. Con este paquete final se concluyen la fase I y II del Sistema, que corresponde a rutas troncales, pretroncales y alimentadoras.<\/p>\n<p>Son, aproximadamente, 11 rutas que entran a ampliar la cobertura del sistema integrado de transporte en la ciudad. En el primer semestre de 2018 comenzar\u00e1n a funcionar las rutas:<\/p>\n<ol>\n<li>\u00a0Flor del Campo \u2013 Avenida La Cordialidad<\/li>\n<li>Terminal Intermunicipal \u2013 Avenida Pedro Romero<\/li>\n<li>Variante \u2013 Huellas Alberto Uribe<\/li>\n<li>Universidad Tecnol\u00f3gica \u2013 Socorro \u2013 Sim\u00f3n Bol\u00edvar<\/li>\n<\/ol>\n<p>En el segundo semestre de 2018 est\u00e1 previsto que inicien sus recorridos las rutas de:<\/p>\n<ol>\n<li>Bosque<\/li>\n<li>Fredonia<\/li>\n<\/ol>\n<p>&nbsp;<\/p>\n<p>&nbsp;<\/p>\n<ol start=\"3\">\n<li>Centro \u2013 Torices \u2013 Paseo de Bol\u00edvar \u2013 Canapote \u2013 Daniel Lemaitre \u2013 San Francisco<\/li>\n<li>Nuevo Bosque \u2013 Amparo<\/li>\n<li>Portal El Gallo \u2013 Comfenalco<\/li>\n<li>San Jos\u00e9 de los Campanos<\/li>\n<li>Ciudadela 2000<\/li>\n<\/ol>\n<p><strong>\u00a0<\/strong><\/p>\n<p><strong>Asociaci\u00f3n de Usuarios<\/strong><\/p>\n<p>Tambi\u00e9n se inform\u00f3 que, por directriz del alcalde Sergio Londo\u00f1o se conformar\u00e1 la Asociaci\u00f3n de Usuarios de Transcaribe para que hagan acompa\u00f1amiento al proceso de operaci\u00f3n.<\/p>\n<p>\u201cTranscaribe siempre debe estar del lado del usuario, y queremos que las ideas transformen y muevan la ciudad y seamos todos los ciudadanos los que hagamos de este Sistema una empresa eficiente, que est\u00e9 del lado de la ciudadan\u00eda\u201d, afirm\u00f3 el alcalde Londo\u00f1o.<\/p>\n<p>Destac\u00f3 que esta Asociaci\u00f3n debe ser independiente, no politizada por ambientes electorales o revoluciones de la \u00e9poca, y se cree de cara a la administraci\u00f3n de Transcaribe para dar buenas ideas y acompa\u00f1amiento los procesos que se surten en la entidad.<\/p>\n<p>Para el Alcalde, \u00abno debemos olvidar que es un Sistema nuevo, que ha estado en el imaginario colectivo por muchos a\u00f1os, pero entr\u00f3 en operaci\u00f3n recientemente. Esta Asociaci\u00f3n va a permitir que todas las ideas que tiene la entidad se vean fortalecidas\u201d.<\/p>\n","protected":false},"excerpt":{"rendered":"<p>Con la aumento de su flota de buses, el fortalecimiento y ampliaci\u00f3n de la cobertura de sus rutas, el Sistema Integrado de Transporte Masivo, SITM, de Cartagena, Transcaribe, este 2018 trabajar\u00e1 para optimizar la movilidad de los cartageneros y visitantes, contribuyendo a una mejor calidad de vida al disminuir los tiempos de sus desplazamientos a sus sitios de trabajo y hogares. \u201cDesde el tiempo que tiene operando Transcaribe, este servicio reduce el tiempo de viaje a los usuarios y de tr\u00e1fico en la ciudad, disminuye costos de transporte y valoriza&#8230; <\/p>\n","protected":false},"author":3,"featured_media":23732,"comment_status":"open","ping_status":"closed","sticky":false,"template":"","format":"standard","meta":{"footnotes":"","_links_to":"","_links_to_target":""},"categories":[75,32,87],"tags":[],"class_list":["post-23731","post","type-post","status-publish","format-standard","has-post-thumbnail","hentry","category-destacada","category-actualidad-distrito","category-movilidad"],"_links":{"self":[{"href":"https:\/\/revistazetta.com\/index.php?rest_route=\/wp\/v2\/posts\/23731","targetHints":{"allow":["GET"]}}],"collection":[{"href":"https:\/\/revistazetta.com\/index.php?rest_route=\/wp\/v2\/posts"}],"about":[{"href":"https:\/\/revistazetta.com\/index.php?rest_route=\/wp\/v2\/types\/post"}],"author":[{"embeddable":true,"href":"https:\/\/revistazetta.com\/index.php?rest_route=\/wp\/v2\/users\/3"}],"replies":[{"embeddable":true,"href":"https:\/\/revistazetta.com\/index.php?rest_route=%2Fwp%2Fv2%2Fcomments&post=23731"}],"version-history":[{"count":0,"href":"https:\/\/revistazetta.com\/index.php?rest_route=\/wp\/v2\/posts\/23731\/revisions"}],"wp:featuredmedia":[{"embeddable":true,"href":"https:\/\/revistazetta.com\/index.php?rest_route=\/wp\/v2\/media\/23732"}],"wp:attachment":[{"href":"https:\/\/revistazetta.com\/index.php?rest_route=%2Fwp%2Fv2%2Fmedia&parent=23731"}],"wp:term":[{"taxonomy":"category","embeddable":true,"href":"https:\/\/revistazetta.com\/index.php?rest_route=%2Fwp%2Fv2%2Fcategories&post=23731"},{"taxonomy":"post_tag","embeddable":true,"href":"https:\/\/revistazetta.com\/index.php?rest_route=%2Fwp%2Fv2%2Ftags&post=23731"}],"curies":[{"name":"wp","href":"https:\/\/api.w.org\/{rel}","templated":true}]}}