{"id":23738,"date":"2018-01-13T09:31:34","date_gmt":"2018-01-13T14:31:34","guid":{"rendered":"http:\/\/www.revistazetta.com\/?p=23738"},"modified":"2018-01-13T09:31:34","modified_gmt":"2018-01-13T14:31:34","slug":"caicedo-instalo-comite-campana-presidencial-cordoba","status":"publish","type":"post","link":"https:\/\/revistazetta.com\/?p=23738","title":{"rendered":"Caicedo instal\u00f3 comit\u00e9 de su campa\u00f1a presidencial en C\u00f3rdoba"},"content":{"rendered":"<p>El candidato presidencial Carlos Caicedo sigue fortaleci\u00e9ndose en el escenario pol\u00edtico del pa\u00eds al instalar la primera Direcci\u00f3n departamental del movimiento Fuerza Ciudadana en Monter\u00eda.<\/p>\n<p>La actividad sirvi\u00f3 como marco del lanzamiento de la lista \u2018Fuerza Ciudadana por la Decencia\u2019, con la que Caicedo pretende extender sus ideales de lucha en favor de las clases populares desde el Congreso de la Rep\u00fablica, por lo que el aspirante coste\u00f1o presidi\u00f3 en la capital de C\u00f3rdoba, la presentaci\u00f3n de la candidatura al Senado del cesarense Antonio Sanguino; y la postulaci\u00f3n a la C\u00e1mara de Representantes de la l\u00edder cordobesa, Rosina Galeano, quienes conforman dicha alianza en representaci\u00f3n del Partido Verde. La coalici\u00f3n tambi\u00e9n es integrada por el Polo Democr\u00e1tico y la Uni\u00f3n Patri\u00f3tica. <em><strong>\u201cEstructuramos la lista \u2018Fuerza Ciudadana por la Decencia\u2019 para presentar nuestros ideales de cambio desde el Senado y la C\u00e1mara, por ello concentramos nuestro apoyo a Rosina Galeano y a Sanguino, que simbolizan los nuevos liderazgos de la regi\u00f3n Caribe. As\u00ed que estamos seguros que Rosina reivindicar\u00e1 a los cordobeses en el Congreso\u201d<\/strong><\/em>, destac\u00f3 Caicedo.<\/p>\n<h4>El 22 de enero, la fecha final para definir la consulta iterpartidista:<\/h4>\n<p>Con respecto a la consulta iterpartidista, el que fuera uno de los mejores alcaldes del pa\u00eds, apunt\u00f3: <em><strong>\u201cEstamos esperando que a m\u00e1s tardar el 22 de enero se concrete la posibilidad de la consulta para despu\u00e9s conocer el candidato \u00fanico de los alternativos. Por ahora confirmaron Gustavo Petro y Clara L\u00f3pez, pero esperamos que los dem\u00e1s invitados a esta salida democr\u00e1tica quieran participar en la contienda electoral que se definir\u00eda el 11 de marzo. Fecha en la que tambi\u00e9n se conocer\u00e1n los nuevos miembros del parlamento nacional\u201d<\/strong><\/em><\/p>\n<p>Por su parte, Rosina Galeano, quien es administradora p\u00fablica con m\u00e1s de 25 a\u00f1os de trayectoria en trabajo comunitario y activismo social, manifest\u00f3 que <em><strong>\u201cha llegado el momento de transformar la naci\u00f3n desde el medio ambiente, hacerle frente a la corrupci\u00f3n y trabajar por la Paz de la mano de Caicedo\u201d<\/strong><\/em>.<\/p>\n<p>Mientras que Sanguino asever\u00f3: <em><strong>\u201cVenimos ac\u00e1 como un equipo del cambio. Porque queremos marcar una senda de verdadera renovaci\u00f3n democr\u00e1tica para todos los colombianos\u201d<\/strong><\/em>.<\/p>\n<h4>As\u00ed qued\u00f3 la Direcci\u00f3n de Fuerza Ciudadana en C\u00f3rdoba:<\/h4>\n<p>En cuanto a la Direcci\u00f3n de la campa\u00f1a presidencial y de Fuerza Ciudadana en territorio sabanero, vale resaltar que dicho acto cont\u00f3 con la participaci\u00f3n activa de varias autoridades de la minga Muchajagua, perteneciente a la etnia ind\u00edgena Sen\u00fa del municipio de Montel\u00edbano, al igual que un amplio n\u00famero de agricultores, empresarios, universitarios y dirigentes c\u00edvicos, entre ellos, Denis Rangel, la cual concluy\u00f3 afirmando que este es un proyecto que convoca a tener un nuevo pa\u00eds y para ello es necesario rodear a Carlos Caicedo.<\/p>\n<p><em><strong>\u201cTrabaj\u00e9 en la Universidad del Magdalena y soy testigo del cambio que \u00e9l lider\u00f3 en el alma mater y en Santa Marta. Hago parte del grupo que va a trabajar en Monter\u00eda y C\u00f3rdoba porque quiero esa misma transformaci\u00f3n para el Departamento y toda Colombia\u201d<\/strong><\/em>, puntualiz\u00f3 la l\u00edder Rangel.<\/p>\n","protected":false},"excerpt":{"rendered":"<p>El candidato presidencial Carlos Caicedo sigue fortaleci\u00e9ndose en el escenario pol\u00edtico del pa\u00eds al instalar la primera Direcci\u00f3n departamental del movimiento Fuerza Ciudadana en Monter\u00eda. La actividad sirvi\u00f3 como marco del lanzamiento de la lista \u2018Fuerza Ciudadana por la Decencia\u2019, con la que Caicedo pretende extender sus ideales de lucha en favor de las clases populares desde el Congreso de la Rep\u00fablica, por lo que el aspirante coste\u00f1o presidi\u00f3 en la capital de C\u00f3rdoba, la presentaci\u00f3n de la candidatura al Senado del cesarense Antonio Sanguino; y la postulaci\u00f3n a la&#8230; <\/p>\n","protected":false},"author":3,"featured_media":23739,"comment_status":"open","ping_status":"closed","sticky":false,"template":"","format":"standard","meta":{"footnotes":"","_links_to":"","_links_to_target":""},"categories":[4],"tags":[],"class_list":["post-23738","post","type-post","status-publish","format-standard","has-post-thumbnail","hentry","category-politica"],"_links":{"self":[{"href":"https:\/\/revistazetta.com\/index.php?rest_route=\/wp\/v2\/posts\/23738","targetHints":{"allow":["GET"]}}],"collection":[{"href":"https:\/\/revistazetta.com\/index.php?rest_route=\/wp\/v2\/posts"}],"about":[{"href":"https:\/\/revistazetta.com\/index.php?rest_route=\/wp\/v2\/types\/post"}],"author":[{"embeddable":true,"href":"https:\/\/revistazetta.com\/index.php?rest_route=\/wp\/v2\/users\/3"}],"replies":[{"embeddable":true,"href":"https:\/\/revistazetta.com\/index.php?rest_route=%2Fwp%2Fv2%2Fcomments&post=23738"}],"version-history":[{"count":0,"href":"https:\/\/revistazetta.com\/index.php?rest_route=\/wp\/v2\/posts\/23738\/revisions"}],"wp:featuredmedia":[{"embeddable":true,"href":"https:\/\/revistazetta.com\/index.php?rest_route=\/wp\/v2\/media\/23739"}],"wp:attachment":[{"href":"https:\/\/revistazetta.com\/index.php?rest_route=%2Fwp%2Fv2%2Fmedia&parent=23738"}],"wp:term":[{"taxonomy":"category","embeddable":true,"href":"https:\/\/revistazetta.com\/index.php?rest_route=%2Fwp%2Fv2%2Fcategories&post=23738"},{"taxonomy":"post_tag","embeddable":true,"href":"https:\/\/revistazetta.com\/index.php?rest_route=%2Fwp%2Fv2%2Ftags&post=23738"}],"curies":[{"name":"wp","href":"https:\/\/api.w.org\/{rel}","templated":true}]}}