{"id":23740,"date":"2018-01-13T09:59:20","date_gmt":"2018-01-13T14:59:20","guid":{"rendered":"http:\/\/www.revistazetta.com\/?p=23740"},"modified":"2018-01-13T09:59:50","modified_gmt":"2018-01-13T14:59:50","slug":"levanta-vuelo-campana-yamilito-arana-la-camara","status":"publish","type":"post","link":"https:\/\/revistazetta.com\/?p=23740","title":{"rendered":"Levanta vuelo campa\u00f1a de Yamilito Arana a la C\u00e1mara"},"content":{"rendered":"<blockquote>\n<h4>Yamilito Arana lider\u00f3 encuentro con cerca de 600 dirigentes de Magangu\u00e9*<\/h4>\n<\/blockquote>\n<p>Con una masiva asistencia de cerca de 600 dirigentes del casco urbano de Magangu\u00e9, fue presentado el plan de organizaci\u00f3n territorial de la campa\u00f1a de Yamilito Arana a la C\u00e1mara de Representantes por el partido Conservador &#8211; C101.<\/p>\n<p>Durante el encuentro, el candidato Yamilito Arana se mostr\u00f3 como una joven promesa de la pol\u00edtica bolivarense que aspira a renovar la gesti\u00f3n en Congreso de la Rep\u00fablica.<\/p>\n<p>\u00abComo Representante, rendir\u00e9 cuentas de mi gesti\u00f3n de los proyectos de ley y los debates de control pol\u00edtico al Gobierno. Defender\u00e9 iniciativas puntuales en temas de salud, empleo y vivienda que beneficiar\u00e1n a la poblaci\u00f3n de los corregimientos y municipios de Bol\u00edvar y su capital Cartagena\u00bb, expres\u00f3 el aspirante Yamilito Arana.<\/p>\n<p>En el acto se hicieron presente los reconocidos dirigentes pol\u00edticos de Magangu\u00e9: Miguel Villamizar, Herlan Requena, Sixto Mu\u00f1oz, Anuar Arana, Alvaro Mezamell y la madre del candidato, Roc\u00edo Padaui.<\/p>\n","protected":false},"excerpt":{"rendered":"<p>Yamilito Arana lider\u00f3 encuentro con cerca de 600 dirigentes de Magangu\u00e9* Con una masiva asistencia de cerca de 600 dirigentes del casco urbano de Magangu\u00e9, fue presentado el plan de organizaci\u00f3n territorial de la campa\u00f1a de Yamilito Arana a la C\u00e1mara de Representantes por el partido Conservador &#8211; C101. Durante el encuentro, el candidato Yamilito Arana se mostr\u00f3 como una joven promesa de la pol\u00edtica bolivarense que aspira a renovar la gesti\u00f3n en Congreso de la Rep\u00fablica. \u00abComo Representante, rendir\u00e9 cuentas de mi gesti\u00f3n de los proyectos de ley y&#8230; <\/p>\n","protected":false},"author":3,"featured_media":23743,"comment_status":"open","ping_status":"closed","sticky":false,"template":"","format":"standard","meta":{"footnotes":"","_links_to":"","_links_to_target":""},"categories":[75,4],"tags":[],"class_list":["post-23740","post","type-post","status-publish","format-standard","has-post-thumbnail","hentry","category-destacada","category-politica"],"_links":{"self":[{"href":"https:\/\/revistazetta.com\/index.php?rest_route=\/wp\/v2\/posts\/23740","targetHints":{"allow":["GET"]}}],"collection":[{"href":"https:\/\/revistazetta.com\/index.php?rest_route=\/wp\/v2\/posts"}],"about":[{"href":"https:\/\/revistazetta.com\/index.php?rest_route=\/wp\/v2\/types\/post"}],"author":[{"embeddable":true,"href":"https:\/\/revistazetta.com\/index.php?rest_route=\/wp\/v2\/users\/3"}],"replies":[{"embeddable":true,"href":"https:\/\/revistazetta.com\/index.php?rest_route=%2Fwp%2Fv2%2Fcomments&post=23740"}],"version-history":[{"count":0,"href":"https:\/\/revistazetta.com\/index.php?rest_route=\/wp\/v2\/posts\/23740\/revisions"}],"wp:featuredmedia":[{"embeddable":true,"href":"https:\/\/revistazetta.com\/index.php?rest_route=\/wp\/v2\/media\/23743"}],"wp:attachment":[{"href":"https:\/\/revistazetta.com\/index.php?rest_route=%2Fwp%2Fv2%2Fmedia&parent=23740"}],"wp:term":[{"taxonomy":"category","embeddable":true,"href":"https:\/\/revistazetta.com\/index.php?rest_route=%2Fwp%2Fv2%2Fcategories&post=23740"},{"taxonomy":"post_tag","embeddable":true,"href":"https:\/\/revistazetta.com\/index.php?rest_route=%2Fwp%2Fv2%2Ftags&post=23740"}],"curies":[{"name":"wp","href":"https:\/\/api.w.org\/{rel}","templated":true}]}}