{"id":23800,"date":"2018-01-18T05:10:18","date_gmt":"2018-01-18T10:10:18","guid":{"rendered":"http:\/\/www.revistazetta.com\/?p=23800"},"modified":"2018-01-18T05:14:39","modified_gmt":"2018-01-18T10:14:39","slug":"alcalde-busca-casa-casa-ninos-vayan-al-colegio","status":"publish","type":"post","link":"https:\/\/revistazetta.com\/?p=23800","title":{"rendered":"Alcalde busca casa a casa a ni\u00f1os para que vayan al colegio"},"content":{"rendered":"<blockquote>\n<h3><em>La estrategia de la Secretar\u00eda de Educaci\u00f3n Distrital busca incorporar a m\u00e1s de 20 mil ni\u00f1os al sistema educativo distrital.<\/em><\/h3>\n<\/blockquote>\n<p><img loading=\"lazy\" decoding=\"async\" class=\"alignright size-medium wp-image-23804\" src=\"https:\/\/www.revistazetta.com\/wp-content\/uploads\/2018\/01\/2018-01-17-PHOTO-00001391-300x188.jpg\" alt=\"\" width=\"300\" height=\"188\" srcset=\"https:\/\/revistazetta.com\/wp-content\/uploads\/2018\/01\/2018-01-17-PHOTO-00001391-300x188.jpg 300w, https:\/\/revistazetta.com\/wp-content\/uploads\/2018\/01\/2018-01-17-PHOTO-00001391.jpg 1024w, https:\/\/revistazetta.com\/wp-content\/uploads\/2018\/01\/2018-01-17-PHOTO-00001391-234x146.jpg 234w, https:\/\/revistazetta.com\/wp-content\/uploads\/2018\/01\/2018-01-17-PHOTO-00001391-50x31.jpg 50w, https:\/\/revistazetta.com\/wp-content\/uploads\/2018\/01\/2018-01-17-PHOTO-00001391-120x75.jpg 120w\" sizes=\"auto, (max-width: 300px) 100vw, 300px\" \/>Meg\u00e1fono en mano y tocando cada puerta del populoso sector de La Candelaria, el alcalde encargado Sergio Londo\u00f1o Zurek encabez\u00f3 la \u201cMatriculat\u00f3n\u201d, con la que se busca que m\u00e1s de 20 mil ni\u00f1os ingresen al sistema p\u00fablico educativo.<\/p>\n<p>Haciendo \u00e9nfasis en el car\u00e1cter gratuito de la matr\u00edcula, el alcalde Londo\u00f1o dialog\u00f3 con amas de casa y padres de familia para insistir en la imperiosa obligaci\u00f3n de matricular a todos los menores que a\u00fan no est\u00e1n ingresados.<\/p>\n<p>Seg\u00fan las cifras de la Secretar\u00eda de Educaci\u00f3n, a corte de diciembre de 2017 se hab\u00edan matriculado m\u00e1s de 100 mil estudiantes, y se busca completar el cupo de todas las 104 instituciones educativas del Distrito.<\/p>\n<p>El Secretario de Educaci\u00f3n Distrital, Jaime Hern\u00e1ndez Am\u00edn, indic\u00f3 que los requisitos son sencillos y lo importante es que el los adultos responsables acudan a las instituciones educativas, donde se hace el ingreso del alumno a la plataforma digital del Ministerio de Educaci\u00f3n Nacional.<\/p>\n<p><img loading=\"lazy\" decoding=\"async\" class=\"alignright size-medium wp-image-23802\" src=\"https:\/\/www.revistazetta.com\/wp-content\/uploads\/2018\/01\/2018-01-17-PHOTO-00001385-300x188.jpg\" alt=\"\" width=\"300\" height=\"188\" srcset=\"https:\/\/revistazetta.com\/wp-content\/uploads\/2018\/01\/2018-01-17-PHOTO-00001385-300x188.jpg 300w, https:\/\/revistazetta.com\/wp-content\/uploads\/2018\/01\/2018-01-17-PHOTO-00001385.jpg 1024w, https:\/\/revistazetta.com\/wp-content\/uploads\/2018\/01\/2018-01-17-PHOTO-00001385-234x146.jpg 234w, https:\/\/revistazetta.com\/wp-content\/uploads\/2018\/01\/2018-01-17-PHOTO-00001385-50x31.jpg 50w, https:\/\/revistazetta.com\/wp-content\/uploads\/2018\/01\/2018-01-17-PHOTO-00001385-120x75.jpg 120w\" sizes=\"auto, (max-width: 300px) 100vw, 300px\" \/>El alcalde Londo\u00f1o Zurek se\u00f1al\u00f3 que la Ciudad de la Esperanza se fundamenta en una educaci\u00f3n digna y de calidad, y que se trabaja a fondo para que todos los estudiantes tengan a su alcance el derecho a la educaci\u00f3n.<\/p>\n<p>En la \u201cMatriculat\u00f3n\u201d participaron funcionarios de la SED, con la responsabilidad de articular a padres de familia con la instituci\u00f3n m\u00e1s cercana al domicilio.<\/p>\n<p>El secretario de Educaci\u00f3n indic\u00f3 que si bien esta estrategia busca matricular a la mayor cantidad posible de estudiantes, las matr\u00edculas siguen abiertas para que a todo momento exista la posibilidad que los menores se incorporen al sistema educativo.<\/p>\n","protected":false},"excerpt":{"rendered":"<p>La estrategia de la Secretar\u00eda de Educaci\u00f3n Distrital busca incorporar a m\u00e1s de 20 mil ni\u00f1os al sistema educativo distrital. Meg\u00e1fono en mano y tocando cada puerta del populoso sector de La Candelaria, el alcalde encargado Sergio Londo\u00f1o Zurek encabez\u00f3 la \u201cMatriculat\u00f3n\u201d, con la que se busca que m\u00e1s de 20 mil ni\u00f1os ingresen al sistema p\u00fablico educativo. Haciendo \u00e9nfasis en el car\u00e1cter gratuito de la matr\u00edcula, el alcalde Londo\u00f1o dialog\u00f3 con amas de casa y padres de familia para insistir en la imperiosa obligaci\u00f3n de matricular a todos los&#8230; <\/p>\n","protected":false},"author":3,"featured_media":23801,"comment_status":"open","ping_status":"closed","sticky":false,"template":"","format":"standard","meta":{"footnotes":"","_links_to":"","_links_to_target":""},"categories":[75,32],"tags":[],"class_list":["post-23800","post","type-post","status-publish","format-standard","has-post-thumbnail","hentry","category-destacada","category-actualidad-distrito"],"_links":{"self":[{"href":"https:\/\/revistazetta.com\/index.php?rest_route=\/wp\/v2\/posts\/23800","targetHints":{"allow":["GET"]}}],"collection":[{"href":"https:\/\/revistazetta.com\/index.php?rest_route=\/wp\/v2\/posts"}],"about":[{"href":"https:\/\/revistazetta.com\/index.php?rest_route=\/wp\/v2\/types\/post"}],"author":[{"embeddable":true,"href":"https:\/\/revistazetta.com\/index.php?rest_route=\/wp\/v2\/users\/3"}],"replies":[{"embeddable":true,"href":"https:\/\/revistazetta.com\/index.php?rest_route=%2Fwp%2Fv2%2Fcomments&post=23800"}],"version-history":[{"count":0,"href":"https:\/\/revistazetta.com\/index.php?rest_route=\/wp\/v2\/posts\/23800\/revisions"}],"wp:featuredmedia":[{"embeddable":true,"href":"https:\/\/revistazetta.com\/index.php?rest_route=\/wp\/v2\/media\/23801"}],"wp:attachment":[{"href":"https:\/\/revistazetta.com\/index.php?rest_route=%2Fwp%2Fv2%2Fmedia&parent=23800"}],"wp:term":[{"taxonomy":"category","embeddable":true,"href":"https:\/\/revistazetta.com\/index.php?rest_route=%2Fwp%2Fv2%2Fcategories&post=23800"},{"taxonomy":"post_tag","embeddable":true,"href":"https:\/\/revistazetta.com\/index.php?rest_route=%2Fwp%2Fv2%2Ftags&post=23800"}],"curies":[{"name":"wp","href":"https:\/\/api.w.org\/{rel}","templated":true}]}}