{"id":23806,"date":"2018-01-18T05:40:34","date_gmt":"2018-01-18T10:40:34","guid":{"rendered":"http:\/\/www.revistazetta.com\/?p=23806"},"modified":"2018-01-18T09:09:59","modified_gmt":"2018-01-18T14:09:59","slug":"dano-la-honra-torero-redes-sociales-juez-ordena-retractacion-publica","status":"publish","type":"post","link":"https:\/\/revistazetta.com\/?p=23806","title":{"rendered":"Por da\u00f1o a la honra de un torero en redes sociales, juez ordena retractaci\u00f3n p\u00fablica"},"content":{"rendered":"<div id=\"page\" class=\"hfeed site\">\n<section id=\"main\" class=\"middle wrapper\">\n<div class=\"row row-fluid blog-with-sidebar\">\n<div id=\"primary\" class=\"site-content span7\">\n<div id=\"content\" role=\"main\">\n<div class=\"blog-single\">\n<article id=\"post-5099\" class=\"clearfix post-5099 post type-post status-publish format-standard hentry category-actualidad floatton-article\">\n<header class=\"entry-header\">\n<blockquote>\n<h1 class=\"entry-title\">Primera victoria judicial ante un mensaje en redes sociales de un usuario identificado por la Polic\u00eda<\/h1>\n<\/blockquote>\n<\/header>\n<div class=\"entry-meta\">En Espa\u00f1a, Roc\u00edo Cortizo, demandada por la familia de V\u00edctor Barrio a trav\u00e9s de la Fundaci\u00f3n del Toro de Lidia (FTL) tras la identificaci\u00f3n de la Unidad de Investigaci\u00f3n de Delitos Tecnol\u00f3gicos, se retracta p\u00fablicamente e indemniza a la familia de V\u00edctor Barrio \u201cpor los da\u00f1os ocasionados\u201d.<\/div>\n<div class=\"entry-content clearfix\">\n<h4>La FTL demuestra, de este modo, que el supuesto anonimato en las redes sociales no impide la denuncia, identificaci\u00f3n y posterior acci\u00f3n judicial contra mensajes constitutivos de delito.<\/h4>\n<p>La Fundaci\u00f3n del Toro de Lidia ha logrado la primera victoria judicial tras demandar los mensajes de una usuaria identificada por la Unidad de Investigaci\u00f3n de Delitos Tecnol\u00f3gicos de la Polic\u00eda Nacional, demostrando as\u00ed que no cabe el anonimato y el refugio en las redes para su denuncia y castigo.<\/p>\n<p>Tras el fallecimiento de V\u00edctor Barrio, la FTL puso a disposici\u00f3n de la Polic\u00eda todos los mensajes que pod\u00edan ser constitutivos de delito y que requer\u00edan su implicaci\u00f3n y trabajo para ser localizados. Uno de estos mensajes fue el de Roc\u00edo Cortizo. Tras su identificaci\u00f3n, en representaci\u00f3n de la familia de V\u00edctor Barrio, la FTL inici\u00f3 un procedimiento judicial que fue admitido a tr\u00e1mite.<\/p>\n<p>Dadas las evidentes pruebas de que iba a ser estimatoria la demanda presentada, se ha alcanzado un acuerdo homologado judicialmente entre las partes. En este sentido, Roc\u00edo Cortizo ha aceptado todos los pedimentos solicitados por la FTL para conseguir evitar el juicio.<\/p>\n<p>Como consecuencia, la demandada ha publicado un mensaje de retractaci\u00f3n en el que considera que su publicaci\u00f3n en redes tras el fallecimiento de V\u00edctor Barrio \u201csupone un grave atentado al honor de todos los toreros y, especialmente, de Don V\u00edctor Barrio\u201d.<\/p>\n<p>Por este motivo, Roc\u00edo Cortizo afirma que \u201ccorrijo p\u00fablicamente este mensaje\u201d, as\u00ed como \u201cme desdigo y lamento profundamente los da\u00f1os que he podido ocasionar\u201d.<\/p>\n<p>\u201cMe comprometo a indemnizar a la familia del torero fallecido como modo de reparaci\u00f3n del da\u00f1o ocasionado\u201d, contin\u00faa el comunicado. En concreto, en el acuerdo, la demandada se compromete a abonar una importante indemnizaci\u00f3n econ\u00f3mica en concepto de indemnizaci\u00f3n por los da\u00f1os y perjuicios ocasionados.<\/p>\n<p>Roc\u00edo Cortizo public\u00f3 en su red social: \u201cyo soy una persona que apoyo la muerte de todos los toreros y aquellos que les defienden. Eso no son humanos, son basura. Por lo cual, exterminio. No s\u00e9 ni c\u00f3mo pod\u00e9is lamentaros por unos asesinos en serie\u201d.<\/p>\n<p>El acuerdo alcanzado con Roc\u00edo Cortizo recalca la afirmaci\u00f3n de la juez que dictamin\u00f3 sentencia contra Datxu Peris: \u201clas redes sociales no pueden ser un subterfugio donde todo cabe y todo vale desde la creencia err\u00f3nea de estar amparado, oculto o protegido por un perfil social\u201d.<\/p>\n<p>Esta nueva victoria de la FTL demuestra as\u00ed que el supuesto anonimato en las redes sociales no impide la denuncia, identificaci\u00f3n y posterior acci\u00f3n judicial contra mensajes que sean injuriosos, calumniosos o de cualquier otra naturaleza.<\/p>\n<p>Mensaje de retractaci\u00f3n que la demandada debe publicar en su perfil de la red social Facebook: \u201cYo, Do\u00f1a Roc\u00edo Cortizo Pires, por medio del presente comunicado vengo a realizar expresa y p\u00fablica rectificaci\u00f3n del mensaje publicado con fecha 13 de julio de 2016 en la red social Facebook donde manifest\u00e9 \u201cPues yo soy una que apoyo la muerte de todos los toreros y aquellos que los defienden\u2026eso no son humanos son basura\u2026por lo cual exterminio. A qui\u00e9n le guste bien y a quien no tmb yo de hip\u00f3crita no tengo ni el blanco de los ojos y de inhumana menos ya que esos no son humanos\u2026no se ni como pod\u00e9is lamentaros por unos asesinos en serie.\u201d Pues bien, es evidente que tal manifestaci\u00f3n supone un grave atentado al honor de todos los toreros y, especialmente, de Don V\u00edctor Barrio Hernanz, motivo por el cual corrijo y lamento p\u00fablicamente este mensaje. Manifestando mi pesar y solicitando el perd\u00f3n por haber causado con ello un agravio directo al honor y labor profesional, tanto de la persona, como a la familia de Don V\u00edctor Barrio Hernanz. Siendo que tales expresiones no fueron afortunadas y no debieron utilizarse, me desdigo de las mismas y lamento profundamente los da\u00f1os que he podido ocasionar. As\u00ed las cosas, y por la intromisi\u00f3n ileg\u00edtima en el derecho al honor de Don V\u00edctor Barrio y de su familia, me comprometo a indemnizar a la familia del torero fallecido como modo de reparaci\u00f3n del da\u00f1o ocasionado.\u201d<\/p>\n<div class=\"us_posts_bottom\">\n<div class=\"us_wrapper us_share_buttons us_tal us_skin_default\" data-text=\"Primera victoria judicial ante un mensaje en redes sociales de un usuario identificado por la Polic\u00eda\" data-url=\"https:\/\/fundaciontorodelidia.org\/2018\/01\/18\/primera-victoria-judicial-ante-un-mensaje-en-redes-sociales-de-un-usuario-identificado-por-la-policia\/\">\n<div class=\"us_facebook us_first us_no_count us_button\">\n<div class=\"us_share\">\u00a0<button id=\"catapultCookie\" tabindex=\"0\"><\/button><\/div>\n<\/div>\n<\/div>\n<\/div>\n<\/div>\n<\/article>\n<\/div>\n<\/div>\n<\/div>\n<\/div>\n<\/section>\n<\/div>\n","protected":false},"excerpt":{"rendered":"<p>Primera victoria judicial ante un mensaje en redes sociales de un usuario identificado por la Polic\u00eda En Espa\u00f1a, Roc\u00edo Cortizo, demandada por la familia de V\u00edctor Barrio a trav\u00e9s de la Fundaci\u00f3n del Toro de Lidia (FTL) tras la identificaci\u00f3n de la Unidad de Investigaci\u00f3n de Delitos Tecnol\u00f3gicos, se retracta p\u00fablicamente e indemniza a la familia de V\u00edctor Barrio \u201cpor los da\u00f1os ocasionados\u201d. La FTL demuestra, de este modo, que el supuesto anonimato en las redes sociales no impide la denuncia, identificaci\u00f3n y posterior acci\u00f3n judicial contra mensajes constitutivos de&#8230; <\/p>\n","protected":false},"author":3,"featured_media":23807,"comment_status":"open","ping_status":"closed","sticky":false,"template":"","format":"standard","meta":{"footnotes":"","_links_to":"","_links_to_target":""},"categories":[41,75,42],"tags":[],"class_list":["post-23806","post","type-post","status-publish","format-standard","has-post-thumbnail","hentry","category-cultura","category-destacada","category-cultura-toros"],"_links":{"self":[{"href":"https:\/\/revistazetta.com\/index.php?rest_route=\/wp\/v2\/posts\/23806","targetHints":{"allow":["GET"]}}],"collection":[{"href":"https:\/\/revistazetta.com\/index.php?rest_route=\/wp\/v2\/posts"}],"about":[{"href":"https:\/\/revistazetta.com\/index.php?rest_route=\/wp\/v2\/types\/post"}],"author":[{"embeddable":true,"href":"https:\/\/revistazetta.com\/index.php?rest_route=\/wp\/v2\/users\/3"}],"replies":[{"embeddable":true,"href":"https:\/\/revistazetta.com\/index.php?rest_route=%2Fwp%2Fv2%2Fcomments&post=23806"}],"version-history":[{"count":0,"href":"https:\/\/revistazetta.com\/index.php?rest_route=\/wp\/v2\/posts\/23806\/revisions"}],"wp:featuredmedia":[{"embeddable":true,"href":"https:\/\/revistazetta.com\/index.php?rest_route=\/wp\/v2\/media\/23807"}],"wp:attachment":[{"href":"https:\/\/revistazetta.com\/index.php?rest_route=%2Fwp%2Fv2%2Fmedia&parent=23806"}],"wp:term":[{"taxonomy":"category","embeddable":true,"href":"https:\/\/revistazetta.com\/index.php?rest_route=%2Fwp%2Fv2%2Fcategories&post=23806"},{"taxonomy":"post_tag","embeddable":true,"href":"https:\/\/revistazetta.com\/index.php?rest_route=%2Fwp%2Fv2%2Ftags&post=23806"}],"curies":[{"name":"wp","href":"https:\/\/api.w.org\/{rel}","templated":true}]}}