{"id":23809,"date":"2018-01-18T05:50:35","date_gmt":"2018-01-18T10:50:35","guid":{"rendered":"http:\/\/www.revistazetta.com\/?p=23809"},"modified":"2018-01-18T05:50:35","modified_gmt":"2018-01-18T10:50:35","slug":"no-control-la-extraccion-asbesto-colombia","status":"publish","type":"post","link":"https:\/\/revistazetta.com\/?p=23809","title":{"rendered":"No hay control en la extracci\u00f3n de asbesto en Colombia"},"content":{"rendered":"<p id=\"yui_3_16_0_ym19_1_1516272502178_3786\" class=\"yiv7252045214MsoNormal\"><i id=\"yui_3_16_0_ym19_1_1516272502178_3960\"><span id=\"yui_3_16_0_ym19_1_1516272502178_3959\">Una auditor\u00eda realizada a 8 ministerios por la Contralor\u00eda General de la Rep\u00fablica encontr\u00f3 deficiencias en el manejo t\u00e9cnico y en el monitoreo de minas de asbesto.<\/span><\/i><\/p>\n<p id=\"yui_3_16_0_ym19_1_1516272502178_3828\" class=\"yiv7252045214MsoNormal\"><span id=\"yui_3_16_0_ym19_1_1516272502178_3827\">En la visita y evaluaci\u00f3n realizada por la Contralor\u00eda Delegada para el Medio Ambiente a la gesti\u00f3n de CORANTIOQUIA con respecto a la mina Las Brisas de Colombia S.A.S. se encontr\u00f3 un deficiente manejo t\u00e9cnico del proyecto minero de asbesto, tanto en lo minero como en lo ambiental. De igual manera se evidenci\u00f3 un inadecuado perfilamiento y mantenimiento de taludes en los botaderos de desechos y colas, adem\u00e1s de cunetas inexistentes y el no manejo de aguas de escorrent\u00eda, sin sedimentadores o trampas de arenas.<\/span><\/p>\n<p id=\"yui_3_16_0_ym19_1_1516272502178_3962\" class=\"yiv7252045214MsoNormal\"><span id=\"yui_3_16_0_ym19_1_1516272502178_3961\">Aparte de estas deficiencias, tambi\u00e9n se encontraron incumplimiento de las medidas impuestas por CORANTIOQUIA. Se vio que este proyecto no contaba con instrumento de control ambiental, que la mina no est\u00e1 en explotaci\u00f3n y que existen afectaciones ambientales que ya han sido identificadas por la Corporaci\u00f3n. Sin embargo, aunque exist\u00eda un proceso sancionatorio por dichas afectaciones ambientales, no existe otro proceso sancionatorio por los dem\u00e1s incumplimientos observados por la Corporaci\u00f3n.<\/span><\/p>\n<p id=\"yui_3_16_0_ym19_1_1516272502178_3978\" class=\"yiv7252045214MsoNormal\"><span id=\"yui_3_16_0_ym19_1_1516272502178_3977\">En esta evaluaci\u00f3n realizada por la Contralor\u00eda Delegada para el Medio Ambiente tambi\u00e9n se encontr\u00f3 que la Corporaci\u00f3n Aut\u00f3noma Regional de Cundinamarca y la del Valle del Cauca han otorgado permisos de emisiones y vertimientos a Eternit para el procesamiento del asbesto, pero que que la CAR no realiz\u00f3 seguimiento a las obligaciones impuestas en sus informes t\u00e9cnicos, no se cumple con la vigilancia y control a las empresas que cuentan con permisos otorgados, con lo cual se aumentan las probabilidades de que se generen da\u00f1os a la salud de las personas expuestas por mal manejo de este ya peligroso material.<\/span><\/p>\n<p id=\"yui_3_16_0_ym19_1_1516272502178_3980\" class=\"yiv7252045214MsoNormal\"><span id=\"yui_3_16_0_ym19_1_1516272502178_3979\">Teniendo en cuenta lo evaluado y las afectaciones al ambiente y a la salud humana ocasionadas por la producci\u00f3n y uso de asbesto, la Contralor\u00eda General resalta la necesidad en Colombia de implementar un esquema legislativo que vaya m\u00e1s all\u00e1 de la implementaci\u00f3n segura de esta fibra a la prohibici\u00f3n de la producci\u00f3n, comercializaci\u00f3n, exportaci\u00f3n, importaci\u00f3n y distribuci\u00f3n de cualquier variedad de asbesto, iniciativa que ha venido liderando en los \u00faltimos tres a\u00f1os la senadora del Partido Conservador, Nadia Blel.<\/span><\/p>\n","protected":false},"excerpt":{"rendered":"<p>Una auditor\u00eda realizada a 8 ministerios por la Contralor\u00eda General de la Rep\u00fablica encontr\u00f3 deficiencias en el manejo t\u00e9cnico y en el monitoreo de minas de asbesto. En la visita y evaluaci\u00f3n realizada por la Contralor\u00eda Delegada para el Medio Ambiente a la gesti\u00f3n de CORANTIOQUIA con respecto a la mina Las Brisas de Colombia S.A.S. se encontr\u00f3 un deficiente manejo t\u00e9cnico del proyecto minero de asbesto, tanto en lo minero como en lo ambiental. De igual manera se evidenci\u00f3 un inadecuado perfilamiento y mantenimiento de taludes en los botaderos&#8230; <\/p>\n","protected":false},"author":3,"featured_media":23810,"comment_status":"open","ping_status":"closed","sticky":false,"template":"","format":"standard","meta":{"footnotes":"","_links_to":"","_links_to_target":""},"categories":[4],"tags":[],"class_list":["post-23809","post","type-post","status-publish","format-standard","has-post-thumbnail","hentry","category-politica"],"_links":{"self":[{"href":"https:\/\/revistazetta.com\/index.php?rest_route=\/wp\/v2\/posts\/23809","targetHints":{"allow":["GET"]}}],"collection":[{"href":"https:\/\/revistazetta.com\/index.php?rest_route=\/wp\/v2\/posts"}],"about":[{"href":"https:\/\/revistazetta.com\/index.php?rest_route=\/wp\/v2\/types\/post"}],"author":[{"embeddable":true,"href":"https:\/\/revistazetta.com\/index.php?rest_route=\/wp\/v2\/users\/3"}],"replies":[{"embeddable":true,"href":"https:\/\/revistazetta.com\/index.php?rest_route=%2Fwp%2Fv2%2Fcomments&post=23809"}],"version-history":[{"count":0,"href":"https:\/\/revistazetta.com\/index.php?rest_route=\/wp\/v2\/posts\/23809\/revisions"}],"wp:featuredmedia":[{"embeddable":true,"href":"https:\/\/revistazetta.com\/index.php?rest_route=\/wp\/v2\/media\/23810"}],"wp:attachment":[{"href":"https:\/\/revistazetta.com\/index.php?rest_route=%2Fwp%2Fv2%2Fmedia&parent=23809"}],"wp:term":[{"taxonomy":"category","embeddable":true,"href":"https:\/\/revistazetta.com\/index.php?rest_route=%2Fwp%2Fv2%2Fcategories&post=23809"},{"taxonomy":"post_tag","embeddable":true,"href":"https:\/\/revistazetta.com\/index.php?rest_route=%2Fwp%2Fv2%2Ftags&post=23809"}],"curies":[{"name":"wp","href":"https:\/\/api.w.org\/{rel}","templated":true}]}}