{"id":23811,"date":"2018-01-18T08:45:05","date_gmt":"2018-01-18T13:45:05","guid":{"rendered":"http:\/\/www.revistazetta.com\/?p=23811"},"modified":"2018-01-18T10:02:29","modified_gmt":"2018-01-18T15:02:29","slug":"diputados-bolivar-corazon-partido","status":"publish","type":"post","link":"https:\/\/revistazetta.com\/?p=23811","title":{"rendered":"Diputados de Bol\u00edvar: entre el coraz\u00f3n y el Partido"},"content":{"rendered":"<p>A la hora de pedir el voto para un candidato a Senado o C\u00e1mara, los diputados de Bol\u00edvar tienen por estos d\u00edas un dilema: o le hacen caso a sus Partidos o al coraz\u00f3n.<\/p>\n<p>En t\u00e9rminos legales, votar por un candidato de otro partido significa doble militancia y p\u00e9rdida de la investidura, por lo que todos \u2013de dientes para afuera- aseguran que votar\u00e1n por un copartidario.<\/p>\n<p>Pero otra cosa dicta el coraz\u00f3n, es decir, otra ser\u00eda la decisi\u00f3n seg\u00fan el aprecio o afinidad o acuerdo pol\u00edtico que se tenga con candidatos de otros partidos.<\/p>\n<p>El \u201cmundo ideal\u201d es aquel donde coinciden tanto el Partido como el coraz\u00f3n, pero son solo seis los casos que ha establecido este sondeo de Revista Zetta.<\/p>\n<p>Este sondeo se hizo entre sus bases y habituales colaboradores, ya que oficialmente cada diputado asegura votar por alguien de su correspondiente Partido.<\/p>\n<p>As\u00ed las cosas, esta ser\u00eda la votaci\u00f3n de los diputados:<\/p>\n<p>&nbsp;<\/p>\n<table>\n<tbody>\n<tr>\n<td width=\"150\"><strong>Diputado<\/strong><\/td>\n<td width=\"150\"><strong>Senado<\/strong><\/td>\n<td width=\"150\"><strong>C\u00e1mara<\/strong><\/td>\n<\/tr>\n<tr>\n<td colspan=\"3\" width=\"449\"><strong>Cambio Radical<\/strong><\/td>\n<\/tr>\n<tr>\n<td width=\"150\">V\u00edctor Mendoza<\/td>\n<td width=\"150\">Fabio Am\u00edn (Liberal)<\/td>\n<td width=\"150\">Hernando Padau\u00ed<\/td>\n<\/tr>\n<tr>\n<td width=\"150\">Manuel Berr\u00edo<\/td>\n<td width=\"150\">Nadia Blel (Conservador)<\/td>\n<td width=\"150\">Yamil Arana (Conservador)<\/td>\n<\/tr>\n<tr>\n<td width=\"150\">Libardo Simancas<\/td>\n<td width=\"150\">Lidio Garc\u00eda (Liberal)<\/td>\n<td width=\"150\">Hernando Padau\u00ed<\/td>\n<\/tr>\n<tr>\n<td width=\"150\">Jorge Redondo<\/td>\n<td width=\"150\">Daira Galvis<\/td>\n<td width=\"150\">Silvio Carrasquilla (Liberal)<\/td>\n<\/tr>\n<tr>\n<td colspan=\"3\" width=\"449\"><strong>Partido Liberal<\/strong><\/td>\n<\/tr>\n<tr>\n<td width=\"150\">Ver\u00f3nica Payares<\/td>\n<td width=\"150\">Antonio Correa (Opci\u00f3n)<\/td>\n<td width=\"150\">Hernando Padau\u00ed (C. Radical)<\/td>\n<\/tr>\n<tr>\n<td width=\"150\">Happy Becerra<\/td>\n<td width=\"150\">Lidio Garc\u00eda<\/td>\n<td width=\"150\">Silvio Carrasquilla<\/td>\n<\/tr>\n<tr>\n<td width=\"150\">Elkin Benavides<\/td>\n<td width=\"150\">Mauricio G\u00f3mez (Liberal)<\/td>\n<td width=\"150\">Yamil Arana (Conservador)<\/td>\n<\/tr>\n<tr>\n<td width=\"150\">Jos\u00e9 H. Bossio<\/td>\n<td width=\"150\">Aida Merlano (Conservador)<\/td>\n<td width=\"150\">Emeterio Montes (Conservador)<\/td>\n<\/tr>\n<tr>\n<td width=\"150\"><strong>Partido de la U<\/strong><\/td>\n<td width=\"150\"><\/td>\n<td width=\"150\"><\/td>\n<\/tr>\n<tr>\n<td width=\"150\">Jorge Rodr\u00edguez<\/td>\n<td width=\"150\">Andr\u00e9s Garc\u00eda Zuccardi<\/td>\n<td width=\"150\">Alonso del R\u00edo<\/td>\n<\/tr>\n<tr>\n<td width=\"150\">Carlos Fern\u00e1ndez Adu\u00e9n<\/td>\n<td width=\"150\">Andr\u00e9s Garc\u00eda Zuccardi<\/td>\n<td width=\"150\">Alonso del R\u00edo<\/td>\n<\/tr>\n<tr>\n<td width=\"150\">Frank Ricaurte<\/td>\n<td width=\"150\">Sandra Villadiego<\/td>\n<td width=\"150\">Hernando Padau\u00ed (C. Radical)<\/td>\n<\/tr>\n<tr>\n<td width=\"150\"><strong>Partido Conservador<\/strong><\/td>\n<td width=\"150\"><\/td>\n<td width=\"150\"><\/td>\n<\/tr>\n<tr>\n<td width=\"150\">Andr\u00e9s Montes<\/td>\n<td width=\"150\">Aida Merlano<\/td>\n<td width=\"150\">Emeterio Montes<\/td>\n<\/tr>\n<tr>\n<td width=\"150\">Miguel Cu\u00e9ter<\/td>\n<td width=\"150\">Efra\u00edn Cepeda<\/td>\n<td width=\"150\">Yamil Arana<\/td>\n<\/tr>\n<tr>\n<td colspan=\"3\" width=\"449\"><strong>Centro Democr\u00e1tico<\/strong><\/td>\n<\/tr>\n<tr>\n<td width=\"150\">Mario del Castillo<\/td>\n<td width=\"150\">Edgard Cure<\/td>\n<td width=\"150\">\u00c1lvaro Uribe<\/td>\n<\/tr>\n<\/tbody>\n<\/table>\n<p>&nbsp;<\/p>\n","protected":false},"excerpt":{"rendered":"<p>A la hora de pedir el voto para un candidato a Senado o C\u00e1mara, los diputados de Bol\u00edvar tienen por estos d\u00edas un dilema: o le hacen caso a sus Partidos o al coraz\u00f3n. En t\u00e9rminos legales, votar por un candidato de otro partido significa doble militancia y p\u00e9rdida de la investidura, por lo que todos \u2013de dientes para afuera- aseguran que votar\u00e1n por un copartidario. Pero otra cosa dicta el coraz\u00f3n, es decir, otra ser\u00eda la decisi\u00f3n seg\u00fan el aprecio o afinidad o acuerdo pol\u00edtico que se tenga con&#8230; <\/p>\n","protected":false},"author":3,"featured_media":23812,"comment_status":"open","ping_status":"closed","sticky":false,"template":"","format":"standard","meta":{"footnotes":"","_links_to":"","_links_to_target":""},"categories":[75,28,4],"tags":[],"class_list":["post-23811","post","type-post","status-publish","format-standard","has-post-thumbnail","hentry","category-destacada","category-politica-asamblea","category-politica"],"_links":{"self":[{"href":"https:\/\/revistazetta.com\/index.php?rest_route=\/wp\/v2\/posts\/23811","targetHints":{"allow":["GET"]}}],"collection":[{"href":"https:\/\/revistazetta.com\/index.php?rest_route=\/wp\/v2\/posts"}],"about":[{"href":"https:\/\/revistazetta.com\/index.php?rest_route=\/wp\/v2\/types\/post"}],"author":[{"embeddable":true,"href":"https:\/\/revistazetta.com\/index.php?rest_route=\/wp\/v2\/users\/3"}],"replies":[{"embeddable":true,"href":"https:\/\/revistazetta.com\/index.php?rest_route=%2Fwp%2Fv2%2Fcomments&post=23811"}],"version-history":[{"count":0,"href":"https:\/\/revistazetta.com\/index.php?rest_route=\/wp\/v2\/posts\/23811\/revisions"}],"wp:featuredmedia":[{"embeddable":true,"href":"https:\/\/revistazetta.com\/index.php?rest_route=\/wp\/v2\/media\/23812"}],"wp:attachment":[{"href":"https:\/\/revistazetta.com\/index.php?rest_route=%2Fwp%2Fv2%2Fmedia&parent=23811"}],"wp:term":[{"taxonomy":"category","embeddable":true,"href":"https:\/\/revistazetta.com\/index.php?rest_route=%2Fwp%2Fv2%2Fcategories&post=23811"},{"taxonomy":"post_tag","embeddable":true,"href":"https:\/\/revistazetta.com\/index.php?rest_route=%2Fwp%2Fv2%2Ftags&post=23811"}],"curies":[{"name":"wp","href":"https:\/\/api.w.org\/{rel}","templated":true}]}}