{"id":23813,"date":"2018-01-18T08:50:23","date_gmt":"2018-01-18T13:50:23","guid":{"rendered":"http:\/\/www.revistazetta.com\/?p=23813"},"modified":"2018-01-18T09:08:31","modified_gmt":"2018-01-18T14:08:31","slug":"uh-lala-cartagena-opinion-juan-camilo-romero","status":"publish","type":"post","link":"https:\/\/revistazetta.com\/?p=23813","title":{"rendered":"\u00a1Uh Lal\u00e1 Cartagena! \u2013 Opini\u00f3n de Juan Camilo Romero"},"content":{"rendered":"<p><strong>Por Juan Camilo Romero (Especial para Revista Zetta).-<\/strong> Esta expresi\u00f3n dio para inspirar una canci\u00f3n que magistralmente grabara \u00c1lvaro Jos\u00e9 Arroyo, el canto se refiere a un hombre caminando por las calles del corralito de piedra y cruz\u00f3 su mirada con una mujer, de caderas anchas, piernas torneadas, ojos caf\u00e9 y frondoso cabello digna ejemplar de la belleza del caribe, quien al verlo le gui\u00f1\u00f3 el ojo, ret\u00e1ndolo a conquistarla, un cochero que va pasando y es testigo de excepci\u00f3n de la situaci\u00f3n le dice al hombre \u00a1Uh Lal\u00e1 Cartagena! En el soneo de la Canci\u00f3n el Joe menciona la grandeza de la ciudad realizando as\u00ed un emotivo homenaje a la heroica Cartagena.<\/p>\n<p>Por estas calles donde a simple vista se puede palpar la pobreza galopante, la desigualdad social, la perdida de la confianza de la gente en las instituciones democr\u00e1ticas y gubernamentales, la percepci\u00f3n de inseguridad, el caos vehicular, la falta que hace la construcci\u00f3n del plan maestro de drenajes pluviales, los efectos del calentamiento global y el cambio clim\u00e1tico, Cartagena sigue siendo m\u00e1gica, heroica y fant\u00e1stica.<\/p>\n<p>La situaci\u00f3n pol\u00edtico administrativa mantiene un gran desgaste, esc\u00e1ndalo tras esc\u00e1ndalo, el ciudadano de a pie manifiesta en su c\u00edrculo cercano su desconfianza y decepci\u00f3n por la actuaci\u00f3n de los l\u00edderes de la ciudad, esos mismos a quienes les recibi\u00f3 d\u00e1divas para poder votar y que en estos tiempos v\u00edspera de tres campa\u00f1as pol\u00edticas se est\u00e1n frotando las manos para ir a recibir migajas.<\/p>\n<p>Se vienen elecciones trascendentales, las at\u00edpicas para elegir al Alcalde o Alcaldesa, que ojal\u00e1 resulte elegido quien tenga una visi\u00f3n clara de la ciudad y deje cimentado un proceso de recuperaci\u00f3n de la confianza entre gobierno y gobernados, que sea alguien capaz de lidiar la infame clase pol\u00edtica que ha estado enquistada en el poder en nombre propio y cuerpo ajeno y no se arrodille ante esta, que entienda que los recursos p\u00fablicos se respetan, que gestione ante las instancias nacionales y consiga la financiaci\u00f3n para la construcci\u00f3n de las obras de infraestructura que urgentemente requiere la ciudad.<\/p>\n<p>De igual manera se elegir\u00e1n y se reelegir\u00e1n a los congresistas de la ciudad y el departamento, quienes tendr\u00e1n el honor de representarnos en el Senado y la C\u00e1mara de Representantes, ojal\u00e1 sean elegidos quienes en realidad vayan a trabajar por nosotros en el capitolio, ya est\u00e1 bueno de senadores y representantes mudos y\/o bufones, se necesitan combativos, efectivos, verdaderos intermediarios entre la ciudadan\u00eda y el gobierno nacional.<\/p>\n<p>Caminaba por Cartagena en una de estas tardes veraniegas de enero y pasando por el muelle de la bodeguita pude sentir que mi ciudad, tu ciudad, nuestra ciudad sigue siendo hermosa, elegante e imponente y que a cada uno de nosotros nos gui\u00f1a el ojo para que la enamoremos, la conquistemos, la cuidemos y ayudemos a solucionar todos sus problemas, mi coraz\u00f3n se aceler\u00f3 un poco, pens\u00e9 ser\u00eda el sobrepeso, pero no, en mi mente solo estaba la voz del Joe Arroyo diciendo \u00a1Uh Lal\u00e1 Cartagena!<\/p>\n","protected":false},"excerpt":{"rendered":"<p>Por Juan Camilo Romero (Especial para Revista Zetta).- Esta expresi\u00f3n dio para inspirar una canci\u00f3n que magistralmente grabara \u00c1lvaro Jos\u00e9 Arroyo, el canto se refiere a un hombre caminando por las calles del corralito de piedra y cruz\u00f3 su mirada con una mujer, de caderas anchas, piernas torneadas, ojos caf\u00e9 y frondoso cabello digna ejemplar de la belleza del caribe, quien al verlo le gui\u00f1\u00f3 el ojo, ret\u00e1ndolo a conquistarla, un cochero que va pasando y es testigo de excepci\u00f3n de la situaci\u00f3n le dice al hombre \u00a1Uh Lal\u00e1 Cartagena!&#8230; <\/p>\n","protected":false},"author":3,"featured_media":23814,"comment_status":"open","ping_status":"closed","sticky":false,"template":"","format":"standard","meta":{"footnotes":"","_links_to":"","_links_to_target":""},"categories":[44,75,65],"tags":[],"class_list":["post-23813","post","type-post","status-publish","format-standard","has-post-thumbnail","hentry","category-materiagris","category-destacada","category-opinion"],"_links":{"self":[{"href":"https:\/\/revistazetta.com\/index.php?rest_route=\/wp\/v2\/posts\/23813","targetHints":{"allow":["GET"]}}],"collection":[{"href":"https:\/\/revistazetta.com\/index.php?rest_route=\/wp\/v2\/posts"}],"about":[{"href":"https:\/\/revistazetta.com\/index.php?rest_route=\/wp\/v2\/types\/post"}],"author":[{"embeddable":true,"href":"https:\/\/revistazetta.com\/index.php?rest_route=\/wp\/v2\/users\/3"}],"replies":[{"embeddable":true,"href":"https:\/\/revistazetta.com\/index.php?rest_route=%2Fwp%2Fv2%2Fcomments&post=23813"}],"version-history":[{"count":0,"href":"https:\/\/revistazetta.com\/index.php?rest_route=\/wp\/v2\/posts\/23813\/revisions"}],"wp:featuredmedia":[{"embeddable":true,"href":"https:\/\/revistazetta.com\/index.php?rest_route=\/wp\/v2\/media\/23814"}],"wp:attachment":[{"href":"https:\/\/revistazetta.com\/index.php?rest_route=%2Fwp%2Fv2%2Fmedia&parent=23813"}],"wp:term":[{"taxonomy":"category","embeddable":true,"href":"https:\/\/revistazetta.com\/index.php?rest_route=%2Fwp%2Fv2%2Fcategories&post=23813"},{"taxonomy":"post_tag","embeddable":true,"href":"https:\/\/revistazetta.com\/index.php?rest_route=%2Fwp%2Fv2%2Ftags&post=23813"}],"curies":[{"name":"wp","href":"https:\/\/api.w.org\/{rel}","templated":true}]}}