{"id":23819,"date":"2018-01-19T01:38:09","date_gmt":"2018-01-19T06:38:09","guid":{"rendered":"http:\/\/www.revistazetta.com\/?p=23819"},"modified":"2018-01-19T01:38:09","modified_gmt":"2018-01-19T06:38:09","slug":"la-cultura-traqueta-opinion-luis-adolfo-payares","status":"publish","type":"post","link":"https:\/\/revistazetta.com\/?p=23819","title":{"rendered":"La cultura traqueta &#8211; Opini\u00f3n de Luis Adolfo Payares"},"content":{"rendered":"<div dir=\"auto\"><strong>Por Luis Adolfo Payares Altamiranda (Especial para Revista Zetta).-<\/strong> Aniceto Marrugo Torres es un campesino de los Montes de Mar\u00eda, en sus manos estan grabadas las largas jornadas de trabajo, arando la tierra y orde\u00f1ando el ganado que ten\u00eda. El viejo \u00abAni\u00bb como le dicen, escasamente logr\u00f3 aprender a leer y a escribir, pero ya dice que sus manos son tan r\u00fasticas que al coger el papel y el l\u00e1piz para escribir, no puede, dice que se le olvid\u00f2. \u00abvea mijo hace muchos a\u00f1os esto era paz y tranquilidad, aqui hab\u00eca toda clase de animales y cada quien com\u00eda de lo que quisiera, no hab\u00eda \u00abmiramientos\u00bb con \u00abnadien\u00bb, si alguien ven\u00eda hambriento yo le daba comida y lo atend\u00eda&#8230; pero esto cambi\u00f3 mucho lleg\u00f3 mucha gente mala, con sus carros \u00abmamonuos\u00bb, y sus \u00abtoyotas\u00bb vivieron a comprar a el precio que ellos quisieran y si no les vendias, te mataban&#8230;, as\u00ec mismito es mijo&#8230;Al viejo \u00abAni\u00bb le vi sus ojos llorosos al manifestar estos hechos, pareciera que alg\u00f9n recuerdo los acongojaba..\u00bbMi hijo fue victima de esos \u00abtraquetos\u00bb \u00abmalditos\u00bb, \u00abhideputas\u00bb que son, lo mataron enfrente de su esposa e hijos, y yo solo sent\u00ec el plomazo y un dolor fuerte en mi coraz\u00f2n&#8230; El viejo no pudo contener las lagrimas y el llanto profundo lo acogi\u00f2 sin que pudiera contenerlo. \u00abLa gente dice que fueron traquetos, que necesitaban las tierras para cometer sus fechorias y todo qued\u00f2 all\u00ec nadie supo mas nada, mi hijo lo mataron y el culpable nunca pag\u00f2 carcel&#8230;.la plata que pagaron para que no atraparan al bandido, a las autoridades, todo fue un carrusel de billete..! Manifest\u00f3 Aniceto.<\/div>\n<div dir=\"auto\">Aniceto quien enviud\u00f3 a sus 60 a\u00f1os, tuvo dos hijos, el baron llamado Euclides y la hembra llamada Escilda, quien se fue a vivir a Europa y actualmente es politologa y escritora, recientemente habalmos con ella.<\/div>\n<div dir=\"auto\">&#8211; El dia que a mi padre lo saquen de all\u00ed se muere, tiene un cordon umbilical que alimenta su espiritu, all\u00ed morir\u00e1, nos dijo via telef\u00f3nica.<\/div>\n<div dir=\"auto\">&#8211; Yo me tuve que venir para Europa casi que exiliada, Colombia es una pais de traquetos, si te das cuenta en cada ciudad hay un simil de Pablo Escobar, ahora han mutado a otras esferas, como contrataci\u00f3n estatal, financiamiento de alcaldias, gobernaciones, incluso secretarias, y todo ese marasmo que le llaman justicia, periodistas, y todo el componente de la sociedad esta impregnado de la mafia \u00abtraqueta\u00bb, que ahora tiene otro nombre, cada quien maneja un bajo perfil y manejan a hurtadillas las esferas del poder. Esa es la trsite realidad de Colombia. Lo peor es que todo el mundo sabe quienes son y no pasa nada, al contrario los adoran y se vueleven hasta referentes de una sociedad corrupta. Yo estoy terminando de escribir mi primer libro donde llevo mas de 10 a\u00f1os d einvestigaci\u00f3n sobre este problema, es una vision difeRente, el cual he llamado LA CULTURA TRAQUETA EN COLOMBIA.<\/div>\n<div dir=\"auto\">Escilda Marrugo vendr\u00e1 a ver a su padre en el me de Marzo, quien a sus 80 a\u00f1os todav\u00eda se levanta temprano a orde\u00f1ar la vaca para tomar laleche en la ma\u00f1ana, ella junto con su padre y hermano (muerto) son victimas de esta cultura mutada hacia varias esferas del pa\u00eds.<\/div>\n<div dir=\"auto\">Mientras tanto el vijo Aniceto estar\u00e1 orde\u00f1ando su vaca.. conn el recuerdo de su hijo asesinado, Quien sabe hasta cuando.<\/div>\n","protected":false},"excerpt":{"rendered":"<p>Por Luis Adolfo Payares Altamiranda (Especial para Revista Zetta).- Aniceto Marrugo Torres es un campesino de los Montes de Mar\u00eda, en sus manos estan grabadas las largas jornadas de trabajo, arando la tierra y orde\u00f1ando el ganado que ten\u00eda. El viejo \u00abAni\u00bb como le dicen, escasamente logr\u00f3 aprender a leer y a escribir, pero ya dice que sus manos son tan r\u00fasticas que al coger el papel y el l\u00e1piz para escribir, no puede, dice que se le olvid\u00f2. \u00abvea mijo hace muchos a\u00f1os esto era paz y tranquilidad, aqui&#8230; <\/p>\n","protected":false},"author":3,"featured_media":23820,"comment_status":"open","ping_status":"closed","sticky":false,"template":"","format":"standard","meta":{"footnotes":"","_links_to":"","_links_to_target":""},"categories":[75,44,65],"tags":[],"class_list":["post-23819","post","type-post","status-publish","format-standard","has-post-thumbnail","hentry","category-destacada","category-materiagris","category-opinion"],"_links":{"self":[{"href":"https:\/\/revistazetta.com\/index.php?rest_route=\/wp\/v2\/posts\/23819","targetHints":{"allow":["GET"]}}],"collection":[{"href":"https:\/\/revistazetta.com\/index.php?rest_route=\/wp\/v2\/posts"}],"about":[{"href":"https:\/\/revistazetta.com\/index.php?rest_route=\/wp\/v2\/types\/post"}],"author":[{"embeddable":true,"href":"https:\/\/revistazetta.com\/index.php?rest_route=\/wp\/v2\/users\/3"}],"replies":[{"embeddable":true,"href":"https:\/\/revistazetta.com\/index.php?rest_route=%2Fwp%2Fv2%2Fcomments&post=23819"}],"version-history":[{"count":0,"href":"https:\/\/revistazetta.com\/index.php?rest_route=\/wp\/v2\/posts\/23819\/revisions"}],"wp:featuredmedia":[{"embeddable":true,"href":"https:\/\/revistazetta.com\/index.php?rest_route=\/wp\/v2\/media\/23820"}],"wp:attachment":[{"href":"https:\/\/revistazetta.com\/index.php?rest_route=%2Fwp%2Fv2%2Fmedia&parent=23819"}],"wp:term":[{"taxonomy":"category","embeddable":true,"href":"https:\/\/revistazetta.com\/index.php?rest_route=%2Fwp%2Fv2%2Fcategories&post=23819"},{"taxonomy":"post_tag","embeddable":true,"href":"https:\/\/revistazetta.com\/index.php?rest_route=%2Fwp%2Fv2%2Ftags&post=23819"}],"curies":[{"name":"wp","href":"https:\/\/api.w.org\/{rel}","templated":true}]}}