{"id":23824,"date":"2018-01-19T01:51:46","date_gmt":"2018-01-19T06:51:46","guid":{"rendered":"http:\/\/www.revistazetta.com\/?p=23824"},"modified":"2018-01-19T01:51:46","modified_gmt":"2018-01-19T06:51:46","slug":"camara-comercio-cartagena-le-apunta-la-reconciliacion-los-jovenes","status":"publish","type":"post","link":"https:\/\/revistazetta.com\/?p=23824","title":{"rendered":"C\u00e1mara de Comercio de Cartagena le apunta a la reconciliaci\u00f3n en los j\u00f3venes"},"content":{"rendered":"<p>Generar procesos de participaci\u00f3n y desestigmatizaci\u00f3n por medio de iniciativas productivas inclusivas en j\u00f3venes de Cartagena es la nueva apuesta de la C\u00e1mara de Comercio con su proyecto \u2018Fortalecimiento para la participaci\u00f3n juvenil en escenarios de reconciliaci\u00f3n &#8211; Gestores de paz\u2019, que desarrolla en alianza con ACDI VOCA y USAID en el marco del Programa Alianzas para la Reconciliaci\u00f3n (PAR).<\/p>\n<p>La iniciativa pretende contribuir a la reconciliaci\u00f3n mediante la generaci\u00f3n de oportunidades de inclusi\u00f3n social y econ\u00f3mica a 100 j\u00f3venes en condici\u00f3n de vulnerabilidad, que se encuentren entre los 18 y 35 a\u00f1os, y vivan en los barrios focalizados en las faldas de la popa y Nelson Mandela.<\/p>\n<p>Gestores de paz buscar\u00e1 propiciar espacios de di\u00e1logo y convivencia mediante la incorporaci\u00f3n de herramientas de participaci\u00f3n de j\u00f3venes en temas sociales, pol\u00edticos, culturales y productivos, mientras trabajan en su capacidad de asimilar procesos de reconciliaci\u00f3n y reconocimiento del otro como actor social.<\/p>\n<p>Adem\u00e1s, el proyecto pretende abrir espacios para la creaci\u00f3n de nuevas narrativas sobre construcci\u00f3n de paz que permita que los j\u00f3venes se motiven a convertirse en agentes de cambio en sus comunidades, cimentando las bases de un entorno consciente que aprende a confiar y a dialogar, en medio de las diferencias.<\/p>\n<p>A la fecha se han llevado a cabo seis jornadas de sensibilizaci\u00f3n en la que m\u00e1s de 300 j\u00f3venes de los barrios focalizados en las faldas de la popa y Nelson Mandela han podido conocer de cerca el proyecto, expresar sus expectativas alrededor del mismo e inscribirse para participar en el proceso de selecci\u00f3n en el que se escoger\u00e1n los 100 beneficiarios que entrar\u00e1n en la ruta de incubaci\u00f3n<\/p>\n","protected":false},"excerpt":{"rendered":"<p>Generar procesos de participaci\u00f3n y desestigmatizaci\u00f3n por medio de iniciativas productivas inclusivas en j\u00f3venes de Cartagena es la nueva apuesta de la C\u00e1mara de Comercio con su proyecto \u2018Fortalecimiento para la participaci\u00f3n juvenil en escenarios de reconciliaci\u00f3n &#8211; Gestores de paz\u2019, que desarrolla en alianza con ACDI VOCA y USAID en el marco del Programa Alianzas para la Reconciliaci\u00f3n (PAR). La iniciativa pretende contribuir a la reconciliaci\u00f3n mediante la generaci\u00f3n de oportunidades de inclusi\u00f3n social y econ\u00f3mica a 100 j\u00f3venes en condici\u00f3n de vulnerabilidad, que se encuentren entre los 18&#8230; <\/p>\n","protected":false},"author":3,"featured_media":23825,"comment_status":"open","ping_status":"closed","sticky":false,"template":"","format":"standard","meta":{"footnotes":"","_links_to":"","_links_to_target":""},"categories":[3,50],"tags":[],"class_list":["post-23824","post","type-post","status-publish","format-standard","has-post-thumbnail","hentry","category-ciudad","category-empresa"],"_links":{"self":[{"href":"https:\/\/revistazetta.com\/index.php?rest_route=\/wp\/v2\/posts\/23824","targetHints":{"allow":["GET"]}}],"collection":[{"href":"https:\/\/revistazetta.com\/index.php?rest_route=\/wp\/v2\/posts"}],"about":[{"href":"https:\/\/revistazetta.com\/index.php?rest_route=\/wp\/v2\/types\/post"}],"author":[{"embeddable":true,"href":"https:\/\/revistazetta.com\/index.php?rest_route=\/wp\/v2\/users\/3"}],"replies":[{"embeddable":true,"href":"https:\/\/revistazetta.com\/index.php?rest_route=%2Fwp%2Fv2%2Fcomments&post=23824"}],"version-history":[{"count":0,"href":"https:\/\/revistazetta.com\/index.php?rest_route=\/wp\/v2\/posts\/23824\/revisions"}],"wp:featuredmedia":[{"embeddable":true,"href":"https:\/\/revistazetta.com\/index.php?rest_route=\/wp\/v2\/media\/23825"}],"wp:attachment":[{"href":"https:\/\/revistazetta.com\/index.php?rest_route=%2Fwp%2Fv2%2Fmedia&parent=23824"}],"wp:term":[{"taxonomy":"category","embeddable":true,"href":"https:\/\/revistazetta.com\/index.php?rest_route=%2Fwp%2Fv2%2Fcategories&post=23824"},{"taxonomy":"post_tag","embeddable":true,"href":"https:\/\/revistazetta.com\/index.php?rest_route=%2Fwp%2Fv2%2Ftags&post=23824"}],"curies":[{"name":"wp","href":"https:\/\/api.w.org\/{rel}","templated":true}]}}