{"id":23828,"date":"2018-01-19T07:07:46","date_gmt":"2018-01-19T12:07:46","guid":{"rendered":"http:\/\/www.revistazetta.com\/?p=23828"},"modified":"2018-01-19T07:07:46","modified_gmt":"2018-01-19T12:07:46","slug":"este-decreto-declaro-la-calamidad-publica-ordena-desalojo-edificios-quiroz","status":"publish","type":"post","link":"https:\/\/revistazetta.com\/?p=23828","title":{"rendered":"Este es el decreto que declar\u00f3 la calamidad p\u00fablica y ordena desalojo de edificios Quiroz"},"content":{"rendered":"<p>El alcalde de Cartagena Sergio Londo\u00f1o Zurek, al finalizar el comit\u00e9 extraordinario de Gesti\u00f3n de Riesgo anunci\u00f3 que se declar\u00f3 la calamidad p\u00fablica, lo que le permite tener facultades especiales y extraordinarias seg\u00fan lo contemplado por el C\u00f3digo de Polic\u00eda para ordenar y evacuar los habitantes de los 16 edificios, con entre 3 y cinco a\u00f1os e antig\u00fcedad, a los que se les hizo un estudio patol\u00f3gico y de sismoresistencia por parte de la Universidad de Cartagena.<\/p>\n<p><span style=\"color: #0000ff;\">(Este es el decreto:<\/span>\u00a0<a href=\"https:\/\/issuu.com\/revistazetta\/docs\/calamidad_pu__blica_edificios\" target=\"_blank\" rel=\"noopener\">https:\/\/issuu.com\/revistazetta\/docs\/calamidad_pu__blica_edificios )<\/a><\/p>\n<p>El mandatario ratific\u00f3 que la medida a cumplir es la evacuaci\u00f3n lo m\u00e1s r\u00e1pido posible, tal como lo recomendaron los miembros del Comit\u00e9 de Gesti\u00f3n de Riesgo del Distrito.<\/p>\n<p>\u201cLa \u00fanica preocupaci\u00f3n de la Alcald\u00eda de Cartagena y de todos los cartageneros debe ser por la vida y la integridad de las personas que all\u00ed residen. Garantizaremos la evacuaci\u00f3n, la cual comenzar\u00e1 de manera inmediata\u201d, explic\u00f3 el mandatario.<\/p>\n<p>En cuanto a los detalles t\u00e9cnicos de este procedimiento se\u00f1al\u00f3 que los dar\u00e1n a conocer la secretaria del Interior, Yolanda Wong Baldiris, y la jefe de la Oficina de Gesti\u00f3n de Riesgo del Distrito, Laura Mendoza.<\/p>\n<p>El mandatario confirm\u00f3 que las edificaciones a evacuar son todas de un mismo constructor, de los hermanos Quiroz.<\/p>\n<p>El informe t\u00e9cnico se\u00f1ala que las edificaciones est\u00e1n en un riesgo de colapso por lo que se debe evacuar cuanto antes, es la conclusi\u00f3n del estudio que entreg\u00f3 la Universidad de Cartagena.<\/p>\n<p>\u201cLa calamidad se declara porque hay un riesgo inminente de posible afectaci\u00f3n a la vida e integridad de las personas\u201d, sostuvo el mandatario.<\/p>\n<p>Ser\u00e1n 108 familias las que deber\u00e1n comenzar el proceso de evacuaci\u00f3n, seg\u00fan el censo oficial que se hizo al momento de comenzar el estudio estructural y t\u00e9cnico de los edificios.<\/p>\n<p>Se\u00f1al\u00f3 tambi\u00e9n que para este viernes la Fiscal\u00eda program\u00f3 una audiencia y lo que se est\u00e1 haciendo es tomar todas las medidas a que haya lugar.<\/p>\n<p>Por su parte Yolanda Wong Baldiris, secretaria del Interior, se\u00f1al\u00f3 que se tendr\u00e1 un plan de acci\u00f3n, el cual debe tener unas garant\u00edas, seg\u00fan lo establecido por el Ministerio P\u00fablico observ\u00f3 y se comenzar\u00e1 la constricci\u00f3n de dicho plan de manera inmediata.<\/p>\n<p>\u201cEstamos en cumplimiento de la sugerencia del Comit\u00e9 de Riesgo que se hizo e manera extraordinario.<\/p>\n<p>En cuanto a la evacuaci\u00f3n, la misma se har\u00e1 teniendo en cuenta lo que se establezca en el plan de acci\u00f3n.<\/p>\n<p>\u201cLa decisi\u00f3n de la Fiscal\u00eda nos toma por sorpresa, pero ya ven\u00edamos adelantando unas acciones, tales como la notificaci\u00f3n que se hizo el pasado 30 de diciembre a todos los propietarios para que evacuaran de manera voluntaria\u201d.<\/p>\n<p>La propuesta que se tiene para ese proceso es de persuasi\u00f3n con los ciudadanos, que ya conocen de antemano las sugerencias que dej\u00f3 el estudio que hizo la Universidad de Cartagena.<\/p>\n<p>\u201cSe establecer\u00e1 un Puesto de Mando Unificado (PMU) en cada uno de los 16 edificios y se les dar\u00e1 a conocer el plan de acci\u00f3n que garantice os derechos de los ciudadanos\u201d, indic\u00f3 Wong Baldiris.<\/p>\n<p>Con relaci\u00f3n a las edificaciones, el Comit\u00e9 de Riesgo deber\u00e1 establecer qu\u00e9 acciones se tomar\u00e1n. Aclar\u00f3 que esas edificaciones hoy son motivo de unas investigaciones que lidera la Fiscal\u00eda, que dir\u00e1n qu\u00e9 se debe hacer finalmente con las construcciones.<\/p>\n","protected":false},"excerpt":{"rendered":"<p>El alcalde de Cartagena Sergio Londo\u00f1o Zurek, al finalizar el comit\u00e9 extraordinario de Gesti\u00f3n de Riesgo anunci\u00f3 que se declar\u00f3 la calamidad p\u00fablica, lo que le permite tener facultades especiales y extraordinarias seg\u00fan lo contemplado por el C\u00f3digo de Polic\u00eda para ordenar y evacuar los habitantes de los 16 edificios, con entre 3 y cinco a\u00f1os e antig\u00fcedad, a los que se les hizo un estudio patol\u00f3gico y de sismoresistencia por parte de la Universidad de Cartagena. (Este es el decreto:\u00a0https:\/\/issuu.com\/revistazetta\/docs\/calamidad_pu__blica_edificios ) El mandatario ratific\u00f3 que la medida a cumplir&#8230; <\/p>\n","protected":false},"author":3,"featured_media":23829,"comment_status":"open","ping_status":"closed","sticky":false,"template":"","format":"standard","meta":{"footnotes":"","_links_to":"","_links_to_target":""},"categories":[2,75],"tags":[],"class_list":["post-23828","post","type-post","status-publish","format-standard","has-post-thumbnail","hentry","category-actualidad","category-destacada"],"_links":{"self":[{"href":"https:\/\/revistazetta.com\/index.php?rest_route=\/wp\/v2\/posts\/23828","targetHints":{"allow":["GET"]}}],"collection":[{"href":"https:\/\/revistazetta.com\/index.php?rest_route=\/wp\/v2\/posts"}],"about":[{"href":"https:\/\/revistazetta.com\/index.php?rest_route=\/wp\/v2\/types\/post"}],"author":[{"embeddable":true,"href":"https:\/\/revistazetta.com\/index.php?rest_route=\/wp\/v2\/users\/3"}],"replies":[{"embeddable":true,"href":"https:\/\/revistazetta.com\/index.php?rest_route=%2Fwp%2Fv2%2Fcomments&post=23828"}],"version-history":[{"count":0,"href":"https:\/\/revistazetta.com\/index.php?rest_route=\/wp\/v2\/posts\/23828\/revisions"}],"wp:featuredmedia":[{"embeddable":true,"href":"https:\/\/revistazetta.com\/index.php?rest_route=\/wp\/v2\/media\/23829"}],"wp:attachment":[{"href":"https:\/\/revistazetta.com\/index.php?rest_route=%2Fwp%2Fv2%2Fmedia&parent=23828"}],"wp:term":[{"taxonomy":"category","embeddable":true,"href":"https:\/\/revistazetta.com\/index.php?rest_route=%2Fwp%2Fv2%2Fcategories&post=23828"},{"taxonomy":"post_tag","embeddable":true,"href":"https:\/\/revistazetta.com\/index.php?rest_route=%2Fwp%2Fv2%2Ftags&post=23828"}],"curies":[{"name":"wp","href":"https:\/\/api.w.org\/{rel}","templated":true}]}}