{"id":23837,"date":"2018-01-19T20:22:53","date_gmt":"2018-01-20T01:22:53","guid":{"rendered":"http:\/\/www.revistazetta.com\/?p=23837"},"modified":"2018-01-19T20:22:53","modified_gmt":"2018-01-20T01:22:53","slug":"camara-comercio-cartagena-fortalecimiento-las-mipymes","status":"publish","type":"post","link":"https:\/\/revistazetta.com\/?p=23837","title":{"rendered":"C\u00e1mara de Comercio de Cartagena, por el fortalecimiento de las MiPYMES"},"content":{"rendered":"<ul>\n<li>\n<blockquote><p><strong><em>La misi\u00f3n hace parte del proyecto PROMIPYME de AL INVEST 5.0<\/em><\/strong><\/p><\/blockquote>\n<\/li>\n<li>\n<blockquote><p><strong><em>Ser\u00e1 un espacio de di\u00e1logo en el cual se conocer\u00e1n las mejores pr\u00e1cticas empresariales y de desarrollo que han sido en implementadas en Italia.<\/em><\/strong><\/p><\/blockquote>\n<\/li>\n<\/ul>\n<p>La C\u00e1mara de Comercio de Cartagena, en su apuesta por promover la internacionalizaci\u00f3n e impulsar la productividad de las micro, peque\u00f1as y medianas empresas (Mipymes) de esta regi\u00f3n del pa\u00eds participar\u00e1, entre el 22 y el 26 de enero, en una misi\u00f3n a Italia.<\/p>\n<p>La actividad busca, principalmente, crear un espacio de di\u00e1logo y conocer las mejores pr\u00e1cticas empresariales y de desarrollo que han sido implementadas en ese pa\u00eds y que pueden ser referentes potenciales para el fortalecimiento de los sectores en los cuales se desarrollan los n\u00facleos empresariales PROMIPYME de AL INVEST 5.0, proyecto de cooperaci\u00f3n internacional de la Comisi\u00f3n Europea en Latinoam\u00e9rica.<\/p>\n<p>Al evento asistir\u00e1n, tambi\u00e9n, representantes de las C\u00e1maras de Comercio de Bucaramanga, de La Guajira y de Quito (Ecuador)<\/p>\n<p>Para la presidenta Ejecutiva de la C\u00e1mara de Comercio de Cartagena, Mar\u00eda Claudia P\u00e1ez Mallarino, la misi\u00f3n abre un espacio muy importante para la entidad. \u201cEl horizonte de mediano plazo, una vez culmine el periplo, es que las entidades colombianas y las del vecino pa\u00eds del Ecuador visualicemos oportunidades para adaptar y \u2019tropicalizar\u2019 dichas pr\u00e1cticas en cada uno de nuestros contextos territoriales y empresariales\u201d, indic\u00f3.<\/p>\n","protected":false},"excerpt":{"rendered":"<p>La misi\u00f3n hace parte del proyecto PROMIPYME de AL INVEST 5.0 Ser\u00e1 un espacio de di\u00e1logo en el cual se conocer\u00e1n las mejores pr\u00e1cticas empresariales y de desarrollo que han sido en implementadas en Italia. La C\u00e1mara de Comercio de Cartagena, en su apuesta por promover la internacionalizaci\u00f3n e impulsar la productividad de las micro, peque\u00f1as y medianas empresas (Mipymes) de esta regi\u00f3n del pa\u00eds participar\u00e1, entre el 22 y el 26 de enero, en una misi\u00f3n a Italia. La actividad busca, principalmente, crear un espacio de di\u00e1logo y conocer&#8230; <\/p>\n","protected":false},"author":3,"featured_media":0,"comment_status":"open","ping_status":"closed","sticky":false,"template":"","format":"standard","meta":{"footnotes":"","_links_to":"","_links_to_target":""},"categories":[3,50],"tags":[],"class_list":["post-23837","post","type-post","status-publish","format-standard","hentry","category-ciudad","category-empresa"],"_links":{"self":[{"href":"https:\/\/revistazetta.com\/index.php?rest_route=\/wp\/v2\/posts\/23837","targetHints":{"allow":["GET"]}}],"collection":[{"href":"https:\/\/revistazetta.com\/index.php?rest_route=\/wp\/v2\/posts"}],"about":[{"href":"https:\/\/revistazetta.com\/index.php?rest_route=\/wp\/v2\/types\/post"}],"author":[{"embeddable":true,"href":"https:\/\/revistazetta.com\/index.php?rest_route=\/wp\/v2\/users\/3"}],"replies":[{"embeddable":true,"href":"https:\/\/revistazetta.com\/index.php?rest_route=%2Fwp%2Fv2%2Fcomments&post=23837"}],"version-history":[{"count":0,"href":"https:\/\/revistazetta.com\/index.php?rest_route=\/wp\/v2\/posts\/23837\/revisions"}],"wp:attachment":[{"href":"https:\/\/revistazetta.com\/index.php?rest_route=%2Fwp%2Fv2%2Fmedia&parent=23837"}],"wp:term":[{"taxonomy":"category","embeddable":true,"href":"https:\/\/revistazetta.com\/index.php?rest_route=%2Fwp%2Fv2%2Fcategories&post=23837"},{"taxonomy":"post_tag","embeddable":true,"href":"https:\/\/revistazetta.com\/index.php?rest_route=%2Fwp%2Fv2%2Ftags&post=23837"}],"curies":[{"name":"wp","href":"https:\/\/api.w.org\/{rel}","templated":true}]}}