{"id":23838,"date":"2018-01-19T20:24:28","date_gmt":"2018-01-20T01:24:28","guid":{"rendered":"http:\/\/www.revistazetta.com\/?p=23838"},"modified":"2018-01-19T20:24:28","modified_gmt":"2018-01-20T01:24:28","slug":"concejo-cartagena-advierte-posible-traslado-la-base-naval-barranquilla","status":"publish","type":"post","link":"https:\/\/revistazetta.com\/?p=23838","title":{"rendered":"Concejo de Cartagena advierte sobre posible traslado de la Base Naval a Barranquilla"},"content":{"rendered":"<p>En debate, la Comisi\u00f3n Primera del Concejo, en cabeza del cabildante C\u00e9sar Pi\u00f3n, solicit\u00f3 a los altos mandos de la Armada Nacional toda la informaci\u00f3n sobre el supuesto traslado de la Base Naval a la ciudad de Barranquilla.<\/p>\n<p>Para C\u00e9sar Pi\u00f3n, la Armada Nacional hace parte del sentir de los cartageneros y no es posible que a espaldas de la ciudad se est\u00e9 planificando el traslado de la base por fuera de La Heroica. \u201cLa Base Naval se qued\u00f3 peque\u00f1a, pero nosotros queremos saber qu\u00e9 se va a hacer en los convenios. Esta es una lucha de Cartagena. Lo que queremos es que nos den una respuesta, la Armada debe mantenerse en la ciudad, pues la ubicaci\u00f3n final debe estar en la Costa Caribe. Hay que buscar el mejor lugar y este es Tierra Bomba\u201d, reiter\u00f3 el concejal.<\/p>\n<p>Pi\u00f3n fue enf\u00e1tico al se\u00f1alar c\u00f3mo se ver\u00edan perjudicados los cartageneros si se ejecuta dicho traslado. \u201cSe perder\u00eda la ejecuci\u00f3n de <span class=\"m_-6201364613476738504money\">$140<\/span> mil millones y m\u00e1s de 400 empleos en Cotecmar estar\u00edan en riesgo. Por ejemplo, el Hospital Naval atendi\u00f3 en el \u00faltimo a\u00f1o 35.850 emergencias, 1.394 hospitalizaciones y 593.871 consultas de 45.000 usuarios en esta capital. Eso sin contar que debilitar\u00edamos la seguridad\u00bb, afirm\u00f3 el concejal.<\/p>\n<p>De igual forma, el concejal Antonio Salim Guerra dijo estar de acuerdo con que la Base Naval se debe quedar en Cartagena, e hizo un llamado al Gobierno Nacional para que le hable con claridad a los cartageneros y diga el lugar d\u00f3nde piensa trasladar la estructura armada. \u201cLa Base Naval tiene una tradici\u00f3n hist\u00f3rica en la ciudad, y ser\u00eda muy triste para los cartageneros que este matrimonio se disuelva sin que Cartagena est\u00e9 enterada. Queremos que el Gobierno Nacional nos hable con la verdad, Cartagena necesita de la Base Naval y la Base Naval necesita desde el punto de vista estrat\u00e9gico y log\u00edstico de nuestra ciudad. Por eso no concibo una Cartagena sin la Base Naval\u201d, indic\u00f3 Guerra.<\/p>\n<p>Por su parte, el concejal David D\u00e1ger manifest\u00f3 la importancia de aclarar qu\u00e9 va a pasar con los terrenos de la actual Base Naval y qu\u00e9 reglamentaci\u00f3n deben tener los terrenos en Cartagena, donde pueden ser reubicados. \u201cEl concejal Pi\u00f3n mostr\u00f3 una zona entre Cartagena y Barranquilla, pero esta decisi\u00f3n debe ser tomada bajo el Plan de Ordenamiento Territorial (POT), el cual est\u00e1 en estudio con Planeaci\u00f3n Nacional. Lo cierto es que no hay un documento que marque la pauta, por esto el mensaje para los altos mandos de la Armada es que debemos trabajar de la mano con las autoridades de la ciudad para saber qu\u00e9 se va a hacer con la Base Naval y poder reglamentar los suelos\u201d, concluy\u00f3 D\u00e1ger.<\/p>\n<p>Entre tanto, Patricia Galindo, directora del Concejo Gremial de Bol\u00edvar, insisti\u00f3 en trabajar el tema del POT para que se indiquen los usos de suelo y las zonas donde se pueda desarrollar. \u201cApoyamos la iniciativa que la Base Naval permanezca en Cartagena y estamos de acuerdo con el desarrollo del predio siempre y cuando vaya en armon\u00eda con el Plan de Ordenamiento Territorial (POT)\u00bb, agreg\u00f3.<\/p>\n<p>As\u00ed mismo, la concejal, Duvinia Torres habl\u00f3 del amor que los cartageneros sienten por la Amada Nacional e hizo un llamado de unidad al Gobierno Nacional y se comprometa a no trasladar la Base Naval. \u201cEl Presidente no puedo llevarse la instituci\u00f3n y d\u00e1rsela a Barranquilla. No puede hacerle eso a Cartagena, la ciudad se gan\u00f3 esa propiedad por ser la defensora de la libertad de Colombia. El Presidente tiene la \u00faltima decisi\u00f3n, pero debe tener en cuenta las voces de la ciudad\u201d concluyo la concejala.<\/p>\n<p>El comandante de la base, Ludwing Moog, expres\u00f3 que a\u00fan no hay claridad sobre el destino y que la decisi\u00f3n obedece a disposiciones del orden nacional.<\/p>\n<p>*PEMP y POT*<\/p>\n<p>Durante la sesi\u00f3n tambi\u00e9n se habl\u00f3 sobre el Plan Especial de Manejo y Protecci\u00f3n(PEMP) y la necesidad de vincular antes de entrar en vigencia la Ley de Garant\u00edas el talento humano necesario para dar tr\u00e1mite al proyecto que definir\u00eda posibles intervenciones en el Centro Hist\u00f3rico y sus \u00e1reas de influencia. As\u00ed mismo, la comisi\u00f3n hizo un llamado al distrito para aunar esfuerzos en torno al plan de ordenamiento territorial y lograr su pronta actualizaci\u00f3n.<\/p>\n<p>El Concejo de Cartagena fue llamado a sesiones extraordinarias para estudiar el Proyecto de Acuerdo 073 por medio del cual se crea un cargo en la Contralor\u00eda Distrital. Los concejales iniciaron el estudio del proyecto.<\/p>\n","protected":false},"excerpt":{"rendered":"<p>En debate, la Comisi\u00f3n Primera del Concejo, en cabeza del cabildante C\u00e9sar Pi\u00f3n, solicit\u00f3 a los altos mandos de la Armada Nacional toda la informaci\u00f3n sobre el supuesto traslado de la Base Naval a la ciudad de Barranquilla. Para C\u00e9sar Pi\u00f3n, la Armada Nacional hace parte del sentir de los cartageneros y no es posible que a espaldas de la ciudad se est\u00e9 planificando el traslado de la base por fuera de La Heroica. \u201cLa Base Naval se qued\u00f3 peque\u00f1a, pero nosotros queremos saber qu\u00e9 se va a hacer en&#8230; <\/p>\n","protected":false},"author":3,"featured_media":0,"comment_status":"open","ping_status":"closed","sticky":false,"template":"","format":"standard","meta":{"footnotes":"","_links_to":"","_links_to_target":""},"categories":[4,27],"tags":[],"class_list":["post-23838","post","type-post","status-publish","format-standard","hentry","category-politica","category-politicaconcejo"],"_links":{"self":[{"href":"https:\/\/revistazetta.com\/index.php?rest_route=\/wp\/v2\/posts\/23838","targetHints":{"allow":["GET"]}}],"collection":[{"href":"https:\/\/revistazetta.com\/index.php?rest_route=\/wp\/v2\/posts"}],"about":[{"href":"https:\/\/revistazetta.com\/index.php?rest_route=\/wp\/v2\/types\/post"}],"author":[{"embeddable":true,"href":"https:\/\/revistazetta.com\/index.php?rest_route=\/wp\/v2\/users\/3"}],"replies":[{"embeddable":true,"href":"https:\/\/revistazetta.com\/index.php?rest_route=%2Fwp%2Fv2%2Fcomments&post=23838"}],"version-history":[{"count":0,"href":"https:\/\/revistazetta.com\/index.php?rest_route=\/wp\/v2\/posts\/23838\/revisions"}],"wp:attachment":[{"href":"https:\/\/revistazetta.com\/index.php?rest_route=%2Fwp%2Fv2%2Fmedia&parent=23838"}],"wp:term":[{"taxonomy":"category","embeddable":true,"href":"https:\/\/revistazetta.com\/index.php?rest_route=%2Fwp%2Fv2%2Fcategories&post=23838"},{"taxonomy":"post_tag","embeddable":true,"href":"https:\/\/revistazetta.com\/index.php?rest_route=%2Fwp%2Fv2%2Ftags&post=23838"}],"curies":[{"name":"wp","href":"https:\/\/api.w.org\/{rel}","templated":true}]}}