{"id":23839,"date":"2018-01-19T20:27:15","date_gmt":"2018-01-20T01:27:15","guid":{"rendered":"http:\/\/www.revistazetta.com\/?p=23839"},"modified":"2018-01-19T20:27:15","modified_gmt":"2018-01-20T01:27:15","slug":"apoyo-del-ministerio-educacion-cartagena-contara-cuatro-nuevos-colegios","status":"publish","type":"post","link":"https:\/\/revistazetta.com\/?p=23839","title":{"rendered":"Con el apoyo del Ministerio de Educaci\u00f3n, Cartagena contar\u00e1 con cuatro nuevos colegios"},"content":{"rendered":"<p>Durante el encuentro que sostuvieron el alcalde de Cartagena, Sergio Londo\u00f1o Zurek, y la ministra de Educaci\u00f3n, Yaneth Giha, se habl\u00f3 de adelantar todo el proceso que se requiere para sacar adelante cuatro nuevos colegios en Cartagena.<\/p>\n<p>\u201cHoy nos sentamos a revisar como estaban cada uno de ellos y destrabar las dificultades que hay, para poder concretarlos lo m\u00e1s r\u00e1pido posible y dar en los pr\u00f3ximos meses buenas noticias y poner las primeras piedras en varios de los colegios\u201d, explic\u00f3 la Ministra de Educaci\u00f3n.<\/p>\n<p>Se avanza en los estudios y dise\u00f1os de varios colegios. Se est\u00e1n definiendo temas de licencias, y cuando se pongan las primeras piedras se dar\u00e1n a conocer los anuncios concretos sobre esas nuevas instituciones educativas.<\/p>\n<p>En el encuentro tambi\u00e9n se habl\u00f3 de calendario escolar, de la operaci\u00f3n propia educativa. \u201cComo siempre hemos querido apoyar esta alcald\u00eda, a la ciudad, e intentar que la educaci\u00f3n siga siendo la primer prioridad y arroje los frutos que necesita Cartagena\u201d, afirma la Ministra.<\/p>\n<p>Para la Ministra, uno de los retos m\u00e1s grandes que tiene el pa\u00eds es seguir avanzando en calidad educativa \u201cNormalmente cuando venimos a estas ciudades de la Costa colombiana se observa un rezago respecto a otras ciudades del pa\u00eds. Ciudades como Bogot\u00e1, Medell\u00edn y departamentos como Santander y Boyac\u00e1, y vemos a la Costa Caribe con una brecha grande que tenemos que empezar a cerrar. Cartagena ha ido mejorando, pero se debe acelerar esa mejor\u00eda para estar a la par de esos que llevan el liderazgo nacional\u201d, explic\u00f3 Giha.<\/p>\n<p>Destac\u00f3 que en la calidad educativa quienes ayudan a sacarla adelante son los docentes, los maestros y el llamado es para que sigan con ese compromiso, con esas ganas de mejorar y a los ni\u00f1os para que se sigan esmerando m\u00e1s. Tambi\u00e9n pidi\u00f3 el compromiso de los padres, porque no se puede olvidar que cuando se habla de educaci\u00f3n y calidad se habla de un compromiso de todos.<\/p>\n<p>Fue una reuni\u00f3n de articulaci\u00f3n entre los equipos de trabajo de la Alcald\u00eda y del Ministerio de Trabajo, en la que se revisaron varios temas que son importantes para garantizar la prestaci\u00f3n adecuada del servicio educativo.<\/p>\n<p>\u201cSe revisaron aspectos del Plan de Alimentaci\u00f3n escolar (PAE). Se habl\u00f3 de una propuesta muy importante de la Alcald\u00eda de Cartagena para que cuando se logre iniciar este proceso, se haga blindando los recursos p\u00fablicos y logrando la mejor calidad en la entrega de los alimentos. Esto garantizar\u00eda que de aqu\u00ed en adelante Cartagena pueda tener la alimentaci\u00f3n que requieren los ni\u00f1os\u201d, dijo la Ministra.<\/p>\n<p>Por su parte, el alcalde Sergio Londo\u00f1o Zurek, se\u00f1al\u00f3 que el Ministerio de Educaci\u00f3n har\u00e1 un acompa\u00f1amiento permanente en todo este proceso.<\/p>\n<p>\u201cNosotros hemos suscrito con Colombia Compra Eficiente la intenci\u00f3n de tener un Plan de Alimentaci\u00f3n Escolar acorde a las \u00faltimas normas de transparencia en la contrataci\u00f3n p\u00fablica y que responda a las necesidades nutrimentales de nuestros estudiantes y que sea un modelo orgullo para toda la regi\u00f3n y el pa\u00eds. Cartagena quiere posicionarse como ese lugar donde el PAE es motivo de sacar pecho por ello y no de sentir verg\u00fcenza\u201d.<\/p>\n<p>Destac\u00f3 las buenas nuevas en materia de infraestructura educativa que se logran gracias a la articulaci\u00f3n entre los gobiernos nacional y distrital para sacar adelante nuevas infraestructuras educativas.<\/p>\n<p>\u201cLa educaci\u00f3n es el cimiento de la Ciudad de la Esperanza y por ello avanzamos en el proceso de lograr que todos los ni\u00f1os y ni\u00f1as de Cartagena se matriculen en los colegios oficiales. Es muy importante contar con el apoyo de los padres de familia en este proceso\u201d.<\/p>\n","protected":false},"excerpt":{"rendered":"<p>Durante el encuentro que sostuvieron el alcalde de Cartagena, Sergio Londo\u00f1o Zurek, y la ministra de Educaci\u00f3n, Yaneth Giha, se habl\u00f3 de adelantar todo el proceso que se requiere para sacar adelante cuatro nuevos colegios en Cartagena. \u201cHoy nos sentamos a revisar como estaban cada uno de ellos y destrabar las dificultades que hay, para poder concretarlos lo m\u00e1s r\u00e1pido posible y dar en los pr\u00f3ximos meses buenas noticias y poner las primeras piedras en varios de los colegios\u201d, explic\u00f3 la Ministra de Educaci\u00f3n. Se avanza en los estudios y&#8230; <\/p>\n","protected":false},"author":3,"featured_media":23840,"comment_status":"open","ping_status":"closed","sticky":false,"template":"","format":"standard","meta":{"footnotes":"","_links_to":"","_links_to_target":""},"categories":[75,32],"tags":[],"class_list":["post-23839","post","type-post","status-publish","format-standard","has-post-thumbnail","hentry","category-destacada","category-actualidad-distrito"],"_links":{"self":[{"href":"https:\/\/revistazetta.com\/index.php?rest_route=\/wp\/v2\/posts\/23839","targetHints":{"allow":["GET"]}}],"collection":[{"href":"https:\/\/revistazetta.com\/index.php?rest_route=\/wp\/v2\/posts"}],"about":[{"href":"https:\/\/revistazetta.com\/index.php?rest_route=\/wp\/v2\/types\/post"}],"author":[{"embeddable":true,"href":"https:\/\/revistazetta.com\/index.php?rest_route=\/wp\/v2\/users\/3"}],"replies":[{"embeddable":true,"href":"https:\/\/revistazetta.com\/index.php?rest_route=%2Fwp%2Fv2%2Fcomments&post=23839"}],"version-history":[{"count":0,"href":"https:\/\/revistazetta.com\/index.php?rest_route=\/wp\/v2\/posts\/23839\/revisions"}],"wp:featuredmedia":[{"embeddable":true,"href":"https:\/\/revistazetta.com\/index.php?rest_route=\/wp\/v2\/media\/23840"}],"wp:attachment":[{"href":"https:\/\/revistazetta.com\/index.php?rest_route=%2Fwp%2Fv2%2Fmedia&parent=23839"}],"wp:term":[{"taxonomy":"category","embeddable":true,"href":"https:\/\/revistazetta.com\/index.php?rest_route=%2Fwp%2Fv2%2Fcategories&post=23839"},{"taxonomy":"post_tag","embeddable":true,"href":"https:\/\/revistazetta.com\/index.php?rest_route=%2Fwp%2Fv2%2Ftags&post=23839"}],"curies":[{"name":"wp","href":"https:\/\/api.w.org\/{rel}","templated":true}]}}